{"id":99952,"date":"2018-05-10T15:15:05","date_gmt":"2018-05-10T18:15:05","guid":{"rendered":"http:\/\/diarioregionaljf.com.br\/?p=99952"},"modified":"2018-05-10T15:15:05","modified_gmt":"2018-05-10T18:15:05","slug":"saude-realiza-dia-d-de-vacinacao-contra-a-gripe-neste-sabado","status":"publish","type":"post","link":"https:\/\/diarioregionaldigital.com.br\/?p=99952","title":{"rendered":"Sa\u00fade realiza dia D de vacina\u00e7\u00e3o contra a gripe neste s\u00e1bado"},"content":{"rendered":"<p>No pr\u00f3ximo s\u00e1bado, 12, a Secretaria de Sa\u00fade (SS) da Prefeitura de Juiz de Fora (PJF) realizar\u00e1 o \u201cDia D de Imuniza\u00e7\u00e3o contra a Gripe\u201d, dentro da \u201cCampanha Nacional de Vacina\u00e7\u00e3o contra a Influenza\u201d. Nesse dia, das 8h \u00e0s 17h, todos os pontos de vacina\u00e7\u00e3o estar\u00e3o abertos para a imuniza\u00e7\u00e3o do grupo priorit\u00e1rio. Al\u00e9m das 63 UBSs, dos departamentos de Sa\u00fade da Crian\u00e7a e do Adolescente (DSCA) e do Idoso (DSI) e do PAM-Marechal, dois postos extras estar\u00e3o dispon\u00edveis: o Santa Cruz Shopping, que funcionar\u00e1 das 10h \u00e0s 17h, e a Igreja Sagrado Cora\u00e7\u00e3o de Jesus (Rua Alberto Vieira Lima, n\u00b050, Bairro Bairu), das 8h \u00e0s 17h.<\/p>\n<p>Fazem parte do grupo priorit\u00e1rio pessoas com mais de 60 anos, crian\u00e7as entre seis meses e cinco anos incompletos, professores, trabalhadores de sa\u00fade, gestantes, m\u00e3es no p\u00f3s-parto (at\u00e9 45 dias ap\u00f3s o parto), portadores de doen\u00e7as cr\u00f4nicas n\u00e3o transmiss\u00edveis e outras condi\u00e7\u00f5es cl\u00ednicas especiais, com prescri\u00e7\u00e3o m\u00e9dica.<\/p>\n<p>Desde o in\u00edcio da Campanha, no \u00faltimo dia 23, a SS j\u00e1 conseguiu imunizar 31,50% do p\u00fablico-alvo em Juiz de Fora. A meta \u00e9 atingir a cobertura vacinal de 90%. Os idosos s\u00e3o as pessoas que mais procuraram a dose, enquanto as crian\u00e7as representam o menor percentual de imuniza\u00e7\u00e3o dentre o grupo priorit\u00e1rio. A gerente do Departamento de Vigil\u00e2ncia Epidemiol\u00f3gica e Ambiental, Michele Freitas, ressalta que \u201ca vacina \u00e9 uma das principais formas de preven\u00e7\u00e3o contra a influenza, e as complica\u00e7\u00f5es causadas pela gripe nessas faixas et\u00e1rias podem ser graves\u201d, afirma.<\/p>\n<p><b>A influenza<\/b><\/p>\n<p>A influenza ou gripe \u00e9 uma infec\u00e7\u00e3o aguda do sistema respirat\u00f3rio com elevado potencial de transmiss\u00e3o. Ocasionada pelo v\u00edrus influenza, inicia-se com febre, dor muscular, cefaleia (dor de cabe\u00e7a) e tosse seca. A infec\u00e7\u00e3o geralmente possui evolu\u00e7\u00e3o por um per\u00edodo limitado de tempo, de um a quatro dias, podendo apresentar-se de forma mais grave.<\/p>\n<p>O v\u00edrus \u00e9 transmitido a partir de excre\u00e7\u00f5es liberadas por pessoas contaminadas, ao tossir ou espirrar, ou atrav\u00e9s de contato com m\u00e3os e superf\u00edcies contaminadas.<\/p>\n<p>Fonte: \u00a0Assessoria<\/p>\n","protected":false},"excerpt":{"rendered":"<p>No pr\u00f3ximo s\u00e1bado, 12, a Secretaria de Sa\u00fade (SS) da Prefeitura de Juiz de Fora (PJF) realizar\u00e1 o \u201cDia D de Imuniza\u00e7\u00e3o contra a Gripe\u201d, dentro da \u201cCampanha Nacional de Vacina\u00e7\u00e3o contra a Influenza\u201d. Nesse dia, das 8h \u00e0s 17h, todos os pontos de vacina\u00e7\u00e3o estar\u00e3o abertos para a imuniza\u00e7\u00e3o do grupo priorit\u00e1rio. Al\u00e9m das [&hellip;]<\/p>\n","protected":false},"author":96,"featured_media":99609,"comment_status":"closed","ping_status":"closed","sticky":false,"template":"","format":"standard","meta":{"footnotes":""},"categories":[253,440,439],"tags":[607,353,887,495,881],"class_list":["post-99952","post","type-post","status-publish","format-standard","has-post-thumbnail","hentry","category-cidade","category-destaques-do-dia","category-ultima-hora","tag-gripe","tag-pjf","tag-publico-alvo","tag-saude","tag-vacina"],"_links":{"self":[{"href":"https:\/\/diarioregionaldigital.com.br\/index.php?rest_route=\/wp\/v2\/posts\/99952","targetHints":{"allow":["GET"]}}],"collection":[{"href":"https:\/\/diarioregionaldigital.com.br\/index.php?rest_route=\/wp\/v2\/posts"}],"about":[{"href":"https:\/\/diarioregionaldigital.com.br\/index.php?rest_route=\/wp\/v2\/types\/post"}],"author":[{"embeddable":true,"href":"https:\/\/diarioregionaldigital.com.br\/index.php?rest_route=\/wp\/v2\/users\/96"}],"replies":[{"embeddable":true,"href":"https:\/\/diarioregionaldigital.com.br\/index.php?rest_route=%2Fwp%2Fv2%2Fcomments&post=99952"}],"version-history":[{"count":0,"href":"https:\/\/diarioregionaldigital.com.br\/index.php?rest_route=\/wp\/v2\/posts\/99952\/revisions"}],"wp:featuredmedia":[{"embeddable":true,"href":"https:\/\/diarioregionaldigital.com.br\/index.php?rest_route=\/wp\/v2\/media\/99609"}],"wp:attachment":[{"href":"https:\/\/diarioregionaldigital.com.br\/index.php?rest_route=%2Fwp%2Fv2%2Fmedia&parent=99952"}],"wp:term":[{"taxonomy":"category","embeddable":true,"href":"https:\/\/diarioregionaldigital.com.br\/index.php?rest_route=%2Fwp%2Fv2%2Fcategories&post=99952"},{"taxonomy":"post_tag","embeddable":true,"href":"https:\/\/diarioregionaldigital.com.br\/index.php?rest_route=%2Fwp%2Fv2%2Ftags&post=99952"}],"curies":[{"name":"wp","href":"https:\/\/api.w.org\/{rel}","templated":true}]}}