{"id":99945,"date":"2018-05-10T14:29:50","date_gmt":"2018-05-10T17:29:50","guid":{"rendered":"http:\/\/diarioregionaljf.com.br\/?p=99945"},"modified":"2018-05-10T14:29:50","modified_gmt":"2018-05-10T17:29:50","slug":"daniel-alves-ficara-pelo-menos-tres-semanas-fora-e-mantem-chance-de-copa","status":"publish","type":"post","link":"https:\/\/diarioregionaldigital.com.br\/?p=99945","title":{"rendered":"Daniel Alves ficar\u00e1 pelo menos tr\u00eas semanas fora e mant\u00e9m chance de Copa"},"content":{"rendered":"<p>Ap\u00f3s sofrer les\u00e3o durante a vit\u00f3ria do Paris Saint German\u00a0por 2 a 0 sobre o Les Herbiers, Daniel Alves foi submetido a exames em hospital em Paris, na manh\u00e3 desta quarta-feira. De acordo com nota divulgada pela assessoria de imprensa do PSG, os procedimentos constataram uma alta desinser\u00e7\u00e3o do ligamento cruzado anterior do joelho direito. N\u00e3o h\u00e1, neste momento, a necessidade de cirurgia. Contudo, outras avalia\u00e7\u00f5es ainda ser\u00e3o realizadas.<\/p>\n<p>O lateral ficar\u00e1 sob cuidados m\u00e9dicos durante tr\u00eas semanas, e ao final do per\u00edodo, ser\u00e1 reavaliada a necessidade de procedimento cir\u00fargico. Com isso, a chance de disputar a Copa do Mundo ainda \u00e9 mantida, mas a presen\u00e7a do camisa 2 na estreia do torneio, no dia 17 de junho, contra a Su\u00ed\u00e7a, ainda \u00e9 incerta. Pessoas pr\u00f3ximas do atleta afirmam que ele est\u00e1 otimista quanto a sua recupera\u00e7\u00e3o e participa\u00e7\u00e3o no mundial.<\/p>\n<p>O t\u00e9cnico Tite anunciar\u00e1 na segunda-feira a lista para a Copa do Mundo,\u00a0com a presen\u00e7a do lateral dependendo apenas do treinador. Para os amistosos dos dias 3 e 10 de junho, contra Cro\u00e1cia e \u00c1ustria, respectivamente, Dani Alves dever\u00e1 ser baixa.<\/p>\n<p>O experiente lateral do PSG foi substitu\u00eddo j\u00e1 na reta final de partida contra Les Herbiers pelo belga Thomas Meunier, depois de ter sentido as dores no joelho. O brasileiro ainda participou das comemora\u00e7\u00f5es do t\u00edtulo da Copa da Fran\u00e7a com os companheiros no gramado.<\/p>\n<p>Confira a nota divulgada pela assessoria do clube franc\u00eas:<\/p>\n<p>\u201cAp\u00f3s o traumatismo do joelho direito de Dani Alves, que ocorreu ontem durante a final da Copa da Fran\u00e7a, os exames realizados hoje mostraram uma alta desinser\u00e7\u00e3o do ligamento cruzado anterior com entorse p\u00f3stero-externo. Sua condi\u00e7\u00e3o requer um m\u00ednimo de 3 semanas de cuidados antes de reavaliar a necessidade de tratamento cir\u00fargico\u201d.<\/p>\n<p><strong>\u00a0<\/strong><\/p>\n<p><strong>Fonte: Gazetapress<\/strong><\/p>\n","protected":false},"excerpt":{"rendered":"<p>Ap\u00f3s sofrer les\u00e3o durante a vit\u00f3ria do Paris Saint German\u00a0por 2 a 0 sobre o Les Herbiers, Daniel Alves foi submetido a exames em hospital em Paris, na manh\u00e3 desta quarta-feira. De acordo com nota divulgada pela assessoria de imprensa do PSG, os procedimentos constataram uma alta desinser\u00e7\u00e3o do ligamento cruzado anterior do joelho direito. [&hellip;]<\/p>\n","protected":false},"author":96,"featured_media":99946,"comment_status":"closed","ping_status":"closed","sticky":false,"template":"","format":"standard","meta":{"footnotes":""},"categories":[257,439],"tags":[],"class_list":["post-99945","post","type-post","status-publish","format-standard","has-post-thumbnail","hentry","category-esporte","category-ultima-hora"],"_links":{"self":[{"href":"https:\/\/diarioregionaldigital.com.br\/index.php?rest_route=\/wp\/v2\/posts\/99945","targetHints":{"allow":["GET"]}}],"collection":[{"href":"https:\/\/diarioregionaldigital.com.br\/index.php?rest_route=\/wp\/v2\/posts"}],"about":[{"href":"https:\/\/diarioregionaldigital.com.br\/index.php?rest_route=\/wp\/v2\/types\/post"}],"author":[{"embeddable":true,"href":"https:\/\/diarioregionaldigital.com.br\/index.php?rest_route=\/wp\/v2\/users\/96"}],"replies":[{"embeddable":true,"href":"https:\/\/diarioregionaldigital.com.br\/index.php?rest_route=%2Fwp%2Fv2%2Fcomments&post=99945"}],"version-history":[{"count":0,"href":"https:\/\/diarioregionaldigital.com.br\/index.php?rest_route=\/wp\/v2\/posts\/99945\/revisions"}],"wp:featuredmedia":[{"embeddable":true,"href":"https:\/\/diarioregionaldigital.com.br\/index.php?rest_route=\/wp\/v2\/media\/99946"}],"wp:attachment":[{"href":"https:\/\/diarioregionaldigital.com.br\/index.php?rest_route=%2Fwp%2Fv2%2Fmedia&parent=99945"}],"wp:term":[{"taxonomy":"category","embeddable":true,"href":"https:\/\/diarioregionaldigital.com.br\/index.php?rest_route=%2Fwp%2Fv2%2Fcategories&post=99945"},{"taxonomy":"post_tag","embeddable":true,"href":"https:\/\/diarioregionaldigital.com.br\/index.php?rest_route=%2Fwp%2Fv2%2Ftags&post=99945"}],"curies":[{"name":"wp","href":"https:\/\/api.w.org\/{rel}","templated":true}]}}