{"id":99942,"date":"2018-05-10T14:18:09","date_gmt":"2018-05-10T17:18:09","guid":{"rendered":"http:\/\/diarioregionaljf.com.br\/?p=99942"},"modified":"2018-05-10T14:18:09","modified_gmt":"2018-05-10T17:18:09","slug":"mais-de-250-atletas-sao-esperados-para-estreia-do-atletismo-nos-jogos-intercolegiais","status":"publish","type":"post","link":"https:\/\/diarioregionaldigital.com.br\/?p=99942","title":{"rendered":"Mais de 250 atletas s\u00e3o esperados para estreia do atletismo nos jogos intercolegiais"},"content":{"rendered":"<p>Professores e representantes das escolas p\u00fablicas e particulares da cidade se reuniram com a organiza\u00e7\u00e3o do evento, para ajustar os \u00faltimos detalhes da competi\u00e7\u00e3o. O primeiro dia de disputas da modalidade ser\u00e1 na sexta-feira, 11. A partir das 14 horas, na pista de atletismo da Faculdade de Educa\u00e7\u00e3o F\u00edsica e Desportos (Faefid) da Universidade Federal de Juiz de Fora (UFJF), cerca de 250 atletas das categorias juvenil e pessoas com defici\u00eancia (PCD), masculino e feminino, participar\u00e3o das atividades. Nessa edi\u00e7\u00e3o, o atletismo ser\u00e1 dividido em duas etapas. O segundo dia ser\u00e1 na sexta-feira, 25, no mesmo local, com alunos e alunas da categoria infantil.<\/p>\n<p>Os \u201cJogos Intercolegiais\u201d s\u00e3o organizados pelo Departamento de Inicia\u00e7\u00e3o, Forma\u00e7\u00e3o e Rendimento Esportivo da SEL e t\u00eam por finalidade incentivar as institui\u00e7\u00f5es de ensino de Juiz de Fora \u00e0 participa\u00e7\u00e3o em atividades esportivas, promovendo a ampla mobiliza\u00e7\u00e3o da juventude estudantil em torno do esporte e da integra\u00e7\u00e3o. A competi\u00e7\u00e3o envolve alunos das redes p\u00fablicas municipal, estadual e federal e da particular, com estudantes na faixa et\u00e1ria entre 12 e 17 anos. S\u00e3o disputadas 12 modalidades individuais e coletivas.<\/p>\n<p>Fonte: PJF<\/p>\n","protected":false},"excerpt":{"rendered":"<p>Professores e representantes das escolas p\u00fablicas e particulares da cidade se reuniram com a organiza\u00e7\u00e3o do evento, para ajustar os \u00faltimos detalhes da competi\u00e7\u00e3o. O primeiro dia de disputas da modalidade ser\u00e1 na sexta-feira, 11. A partir das 14 horas, na pista de atletismo da Faculdade de Educa\u00e7\u00e3o F\u00edsica e Desportos (Faefid) da Universidade Federal [&hellip;]<\/p>\n","protected":false},"author":96,"featured_media":99943,"comment_status":"closed","ping_status":"closed","sticky":false,"template":"","format":"standard","meta":{"footnotes":""},"categories":[257,439],"tags":[],"class_list":["post-99942","post","type-post","status-publish","format-standard","has-post-thumbnail","hentry","category-esporte","category-ultima-hora"],"_links":{"self":[{"href":"https:\/\/diarioregionaldigital.com.br\/index.php?rest_route=\/wp\/v2\/posts\/99942","targetHints":{"allow":["GET"]}}],"collection":[{"href":"https:\/\/diarioregionaldigital.com.br\/index.php?rest_route=\/wp\/v2\/posts"}],"about":[{"href":"https:\/\/diarioregionaldigital.com.br\/index.php?rest_route=\/wp\/v2\/types\/post"}],"author":[{"embeddable":true,"href":"https:\/\/diarioregionaldigital.com.br\/index.php?rest_route=\/wp\/v2\/users\/96"}],"replies":[{"embeddable":true,"href":"https:\/\/diarioregionaldigital.com.br\/index.php?rest_route=%2Fwp%2Fv2%2Fcomments&post=99942"}],"version-history":[{"count":0,"href":"https:\/\/diarioregionaldigital.com.br\/index.php?rest_route=\/wp\/v2\/posts\/99942\/revisions"}],"wp:featuredmedia":[{"embeddable":true,"href":"https:\/\/diarioregionaldigital.com.br\/index.php?rest_route=\/wp\/v2\/media\/99943"}],"wp:attachment":[{"href":"https:\/\/diarioregionaldigital.com.br\/index.php?rest_route=%2Fwp%2Fv2%2Fmedia&parent=99942"}],"wp:term":[{"taxonomy":"category","embeddable":true,"href":"https:\/\/diarioregionaldigital.com.br\/index.php?rest_route=%2Fwp%2Fv2%2Fcategories&post=99942"},{"taxonomy":"post_tag","embeddable":true,"href":"https:\/\/diarioregionaldigital.com.br\/index.php?rest_route=%2Fwp%2Fv2%2Ftags&post=99942"}],"curies":[{"name":"wp","href":"https:\/\/api.w.org\/{rel}","templated":true}]}}