{"id":99929,"date":"2018-05-10T09:24:32","date_gmt":"2018-05-10T12:24:32","guid":{"rendered":"http:\/\/diarioregionaljf.com.br\/?p=99929"},"modified":"2018-05-10T09:24:32","modified_gmt":"2018-05-10T12:24:32","slug":"quatro-sao-amarrados-com-fita-de-nylon-durante-assalto-no-miguel-marinho","status":"publish","type":"post","link":"https:\/\/diarioregionaldigital.com.br\/?p=99929","title":{"rendered":"Quatro s\u00e3o amarrados com fita de nylon durante assalto no Miguel Marinho"},"content":{"rendered":"<p>Quatro homens, com idades entre 23 e 66 anos, foram rendidos e amarrados com fita de nylon durante um assalto no bairro Miguel Marinho, zona Norte da cidade, na manh\u00e3 dessa quarta-feira, 9. Eles estavam em uma oficina na Rua Dom Juvenal Roriz, quando foram abordados por dois indiv\u00edduos, um adolescente de 15 anos e um jovem de 18. Um dos autores portava um rev\u00f3lver.<\/p>\n<p>O propriet\u00e1rio do estabelecimento, um jovem de 23 anos, relatou que ap\u00f3s ser rendido foi levado pelo jovem para o segundo andar do im\u00f3vel, onde fica sua resid\u00eancia. Na sequ\u00eancia, o autor exigiu que a v\u00edtima entregasse o dinheiro e passou a desferir coronhadas na cabe\u00e7a do mesmo.<\/p>\n<p>Ap\u00f3s o roubo, a dupla fugiu em uma caminhonete que estava na oficina.<\/p>\n<p>Durante rastreamento, os autores foram localizados pr\u00f3ximo a um matagal no bairro Ponte Preta. Na tentativa de fuga, o menor acabou sendo apreendido. O outro envolvido no crime conseguiu fugir, mas foi preso em sua resid\u00eancia. Ao perceber a chegada dos militares, o jovem empreendeu nova fuga, pulando o muro da casa e de im\u00f3veis vizinhos, mas foi detido ap\u00f3s sofrer uma queda.<\/p>\n<p>O adolescente tamb\u00e9m se feriu ap\u00f3s sofrer uma queda quando fugia da pol\u00edcia. Os dois autores foram encaminhados \u00e0 UPA Norte, onde foram medicados e liberados.<\/p>\n<p>O ve\u00edculo levado pelos autores foi localizado na Avenida JK, estacionado e aberto. A caminhonete foi removida para vistoria. Na resid\u00eancia do jovem os militares localizaram cerca de R$406 e seis celulares. Pr\u00f3ximo \u00e0s margens da linha f\u00e9rrea do bairro Ponte Preta, foi encontrada uma sacola contendo objetos pessoais das v\u00edtimas e um simulacro de rev\u00f3lver.<\/p>\n<p>Os autores detidos e os materiais recuperados foram encaminhados a delegacia.<\/p>\n","protected":false},"excerpt":{"rendered":"<p>Quatro homens, com idades entre 23 e 66 anos, foram rendidos e amarrados com fita de nylon durante um assalto no bairro Miguel Marinho, zona Norte da cidade, na manh\u00e3 dessa quarta-feira, 9. Eles estavam em uma oficina na Rua Dom Juvenal Roriz, quando foram abordados por dois indiv\u00edduos, um adolescente de 15 anos e [&hellip;]<\/p>\n","protected":false},"author":96,"featured_media":95836,"comment_status":"closed","ping_status":"closed","sticky":false,"template":"","format":"standard","meta":{"footnotes":""},"categories":[301,439],"tags":[],"class_list":["post-99929","post","type-post","status-publish","format-standard","has-post-thumbnail","hentry","category-artigos-policiais","category-ultima-hora"],"_links":{"self":[{"href":"https:\/\/diarioregionaldigital.com.br\/index.php?rest_route=\/wp\/v2\/posts\/99929","targetHints":{"allow":["GET"]}}],"collection":[{"href":"https:\/\/diarioregionaldigital.com.br\/index.php?rest_route=\/wp\/v2\/posts"}],"about":[{"href":"https:\/\/diarioregionaldigital.com.br\/index.php?rest_route=\/wp\/v2\/types\/post"}],"author":[{"embeddable":true,"href":"https:\/\/diarioregionaldigital.com.br\/index.php?rest_route=\/wp\/v2\/users\/96"}],"replies":[{"embeddable":true,"href":"https:\/\/diarioregionaldigital.com.br\/index.php?rest_route=%2Fwp%2Fv2%2Fcomments&post=99929"}],"version-history":[{"count":0,"href":"https:\/\/diarioregionaldigital.com.br\/index.php?rest_route=\/wp\/v2\/posts\/99929\/revisions"}],"wp:featuredmedia":[{"embeddable":true,"href":"https:\/\/diarioregionaldigital.com.br\/index.php?rest_route=\/wp\/v2\/media\/95836"}],"wp:attachment":[{"href":"https:\/\/diarioregionaldigital.com.br\/index.php?rest_route=%2Fwp%2Fv2%2Fmedia&parent=99929"}],"wp:term":[{"taxonomy":"category","embeddable":true,"href":"https:\/\/diarioregionaldigital.com.br\/index.php?rest_route=%2Fwp%2Fv2%2Fcategories&post=99929"},{"taxonomy":"post_tag","embeddable":true,"href":"https:\/\/diarioregionaldigital.com.br\/index.php?rest_route=%2Fwp%2Fv2%2Ftags&post=99929"}],"curies":[{"name":"wp","href":"https:\/\/api.w.org\/{rel}","templated":true}]}}