{"id":99928,"date":"2018-05-10T09:32:07","date_gmt":"2018-05-10T12:32:07","guid":{"rendered":"http:\/\/diarioregionaljf.com.br\/?p=99928"},"modified":"2018-05-10T09:32:07","modified_gmt":"2018-05-10T12:32:07","slug":"local-do-encontro-de-trump-com-kim-jong-un-sera-anunciado-em-tres-dias","status":"publish","type":"post","link":"https:\/\/diarioregionaldigital.com.br\/?p=99928","title":{"rendered":"Local do encontro de Trump com Kim Jong-un ser\u00e1 anunciado em tr\u00eas dias"},"content":{"rendered":"<p>O presidente dos Estados Unidos, Donald Trump, disse nessa quarta-feira, 9, que a Casa Branca anunciar\u00e1 \u201cdentro de tr\u00eas dias\u201d o lugar do encontro com o l\u00edder da Coreia do Norte, Kim Jong-un. Adiantou que o local n\u00e3o ser\u00e1 a zona desmilitarizada na fronteira entre a Coreia do Norte e a do Sul. As declara\u00e7\u00f5es foram dadas em uma conversa com jornalistas na Casa Branca.<\/p>\n<p>Mais cedo, Trump tinha confirmado pelo Twitter que a data e o local da reuni\u00e3o estavam definidos. O presidente disse que os detalhes foram acertados em uma conversa entre Kim Jong-un e o secret\u00e1rio de Estado norte-americano, Mile Pompeu, em viagem a Pyongyang.<\/p>\n<p>Em uma sequ\u00eancia de mensagens pela rede social, o presidente norte-americano noticiou ainda que tr\u00eas norte-americanos presos na Coreia do Norte foram libertados e est\u00e3o a caminho dos Estados Unidos. O secret\u00e1rio de Estado norte-americano acompanha os ex-prisioneiros na viagem de volta para casa.<\/p>\n<p>\u201cTenho o prazer de informar que o secret\u00e1rio de Estado, Mike Pompeo, est\u00e1 a caminho de volta da Coreia do Norte com tr\u00eas maravilhosos cavalheiros, que todos est\u00e3o ansiosos para encontrar. Eles parecem estar em bom estado de sa\u00fade. Al\u00e9m disso, bom encontro com Kim Jong Un. Data e local definidos\u201d, disse Trump em um dos tu\u00edtes.<\/p>\n<p>Os tr\u00eas homens ex-prisioneiros s\u00e3o Kim Hak-song, Tony Kim e Kim Dong-chu. Eles estavam presos acusados de espionagem e atos hostis e tinham sido condenados a trabalhos for\u00e7ados.<\/p>\n<p>Trump informou ainda que receber\u00e1 a comitiva na Base A\u00e9rea de Andrews, em Maryland, pr\u00f3ximo a Washington, \u00e0s 2h da madrugada de quinta-feira, 10, hor\u00e1rio local.<\/p>\n<p>A liberta\u00e7\u00e3o foi noticiada pela imprensa norte-americana como uma vit\u00f3ria da diplomacia de Trump. A entrega dos presos \u00e9 vista como um gesto de boa vontade de Kim Jong-Un.<\/p>\n","protected":false},"excerpt":{"rendered":"<p>O presidente dos Estados Unidos, Donald Trump, disse nessa quarta-feira, 9, que a Casa Branca anunciar\u00e1 \u201cdentro de tr\u00eas dias\u201d o lugar do encontro com o l\u00edder da Coreia do Norte, Kim Jong-un. Adiantou que o local n\u00e3o ser\u00e1 a zona desmilitarizada na fronteira entre a Coreia do Norte e a do Sul. As declara\u00e7\u00f5es [&hellip;]<\/p>\n","protected":false},"author":96,"featured_media":99931,"comment_status":"closed","ping_status":"closed","sticky":false,"template":"","format":"standard","meta":{"footnotes":""},"categories":[302,436,439],"tags":[],"class_list":["post-99928","post","type-post","status-publish","format-standard","has-post-thumbnail","hentry","category-brasil-mundo","category-destaque-da-semana","category-ultima-hora"],"_links":{"self":[{"href":"https:\/\/diarioregionaldigital.com.br\/index.php?rest_route=\/wp\/v2\/posts\/99928","targetHints":{"allow":["GET"]}}],"collection":[{"href":"https:\/\/diarioregionaldigital.com.br\/index.php?rest_route=\/wp\/v2\/posts"}],"about":[{"href":"https:\/\/diarioregionaldigital.com.br\/index.php?rest_route=\/wp\/v2\/types\/post"}],"author":[{"embeddable":true,"href":"https:\/\/diarioregionaldigital.com.br\/index.php?rest_route=\/wp\/v2\/users\/96"}],"replies":[{"embeddable":true,"href":"https:\/\/diarioregionaldigital.com.br\/index.php?rest_route=%2Fwp%2Fv2%2Fcomments&post=99928"}],"version-history":[{"count":0,"href":"https:\/\/diarioregionaldigital.com.br\/index.php?rest_route=\/wp\/v2\/posts\/99928\/revisions"}],"wp:featuredmedia":[{"embeddable":true,"href":"https:\/\/diarioregionaldigital.com.br\/index.php?rest_route=\/wp\/v2\/media\/99931"}],"wp:attachment":[{"href":"https:\/\/diarioregionaldigital.com.br\/index.php?rest_route=%2Fwp%2Fv2%2Fmedia&parent=99928"}],"wp:term":[{"taxonomy":"category","embeddable":true,"href":"https:\/\/diarioregionaldigital.com.br\/index.php?rest_route=%2Fwp%2Fv2%2Fcategories&post=99928"},{"taxonomy":"post_tag","embeddable":true,"href":"https:\/\/diarioregionaldigital.com.br\/index.php?rest_route=%2Fwp%2Fv2%2Ftags&post=99928"}],"curies":[{"name":"wp","href":"https:\/\/api.w.org\/{rel}","templated":true}]}}