{"id":99922,"date":"2018-05-10T09:09:27","date_gmt":"2018-05-10T12:09:27","guid":{"rendered":"http:\/\/diarioregionaljf.com.br\/?p=99922"},"modified":"2018-05-10T09:09:27","modified_gmt":"2018-05-10T12:09:27","slug":"policia-federal-faz-operacao-contra-crimes-praticados-pela-internet","status":"publish","type":"post","link":"https:\/\/diarioregionaldigital.com.br\/?p=99922","title":{"rendered":"Pol\u00edcia Federal faz opera\u00e7\u00e3o contra crimes praticados pela internet"},"content":{"rendered":"<p>Policiais federais est\u00e3o nesta quinta-feira, 10, nas ruas de seis cidades desde cedo numa opera\u00e7\u00e3o contra crimes cometidos por meio da\u00a0<em>internet<\/em>. Os investigados na Opera\u00e7\u00e3o Bravata v\u00e3o responder pelos crimes de associa\u00e7\u00e3o criminosa, amea\u00e7a, racismo e incita\u00e7\u00e3o ao crime.<\/p>\n<p>De acordo com a Pol\u00edcia Federal (PF), os suspeitos utilizavam sites e f\u00f3runs mantidos na\u00a0<em>internet<\/em>\u00a0com objetivo de incentivar a pr\u00e1tica de crimes, como estupro, assassinato de mulheres e negros e atos de terrorismo.<\/p>\n<p>Segundo a PF, existem tamb\u00e9m evid\u00eancias de que os investigados foram respons\u00e1veis por \u201camea\u00e7as de bomba encaminhadas a diversas universidades do pa\u00eds\u201d.<\/p>\n<h2><strong>Opera\u00e7\u00e3o Intoler\u00e2ncia<\/strong><\/h2>\n<p>A a\u00e7\u00e3o desta quinta-feira \u00e9 um desdobramento da Opera\u00e7\u00e3o Intoler\u00e2ncia, realizada em 2012, que investigou pessoas envolvidas nos mesmos crimes. Na a\u00e7\u00e3o de hoje, a pol\u00edcia constatou que os indiv\u00edduos investigados aparentemente mantinham rela\u00e7\u00f5es com os que foram presos na opera\u00e7\u00e3o de 2012, inclusive com o uso dos mesmos sites e novas p\u00e1ginas na internet.<\/p>\n<p>Cerca de 60 policiais federais cumprem um mandado de pris\u00e3o preventiva e oito de busca e apreens\u00e3o nas cidades de Curitiba, Rio de Janeiro, S\u00e3o Paulo, Recife, Santa Maria, no Rio Grande do Sul, e Vila Velha, no Esp\u00edrito Santo.<\/p>\n<p>De acordo com a PF, no nome da opera\u00e7\u00e3o, Bravata, refere-se \u00e0 maneira com que os suspeitos intimidavam suas v\u00edtimas, com \u201camea\u00e7as de maneira insolente, fanfarrice, comportamento de quem ostenta suas pr\u00f3prias qualidades, a\u00e7\u00e3o da pessoa presun\u00e7osa, arrogante e modo de agir de quem faz alarde de uma coragem que n\u00e3o possui\u201d.<\/p>\n<p>Fonte: Ag\u00eancia Brasil<\/p>\n","protected":false},"excerpt":{"rendered":"<p>Policiais federais est\u00e3o nesta quinta-feira, 10, nas ruas de seis cidades desde cedo numa opera\u00e7\u00e3o contra crimes cometidos por meio da\u00a0internet. Os investigados na Opera\u00e7\u00e3o Bravata v\u00e3o responder pelos crimes de associa\u00e7\u00e3o criminosa, amea\u00e7a, racismo e incita\u00e7\u00e3o ao crime. De acordo com a Pol\u00edcia Federal (PF), os suspeitos utilizavam sites e f\u00f3runs mantidos na\u00a0internet\u00a0com objetivo [&hellip;]<\/p>\n","protected":false},"author":96,"featured_media":99923,"comment_status":"closed","ping_status":"closed","sticky":false,"template":"","format":"standard","meta":{"footnotes":""},"categories":[302,436,439],"tags":[],"class_list":["post-99922","post","type-post","status-publish","format-standard","has-post-thumbnail","hentry","category-brasil-mundo","category-destaque-da-semana","category-ultima-hora"],"_links":{"self":[{"href":"https:\/\/diarioregionaldigital.com.br\/index.php?rest_route=\/wp\/v2\/posts\/99922","targetHints":{"allow":["GET"]}}],"collection":[{"href":"https:\/\/diarioregionaldigital.com.br\/index.php?rest_route=\/wp\/v2\/posts"}],"about":[{"href":"https:\/\/diarioregionaldigital.com.br\/index.php?rest_route=\/wp\/v2\/types\/post"}],"author":[{"embeddable":true,"href":"https:\/\/diarioregionaldigital.com.br\/index.php?rest_route=\/wp\/v2\/users\/96"}],"replies":[{"embeddable":true,"href":"https:\/\/diarioregionaldigital.com.br\/index.php?rest_route=%2Fwp%2Fv2%2Fcomments&post=99922"}],"version-history":[{"count":0,"href":"https:\/\/diarioregionaldigital.com.br\/index.php?rest_route=\/wp\/v2\/posts\/99922\/revisions"}],"wp:featuredmedia":[{"embeddable":true,"href":"https:\/\/diarioregionaldigital.com.br\/index.php?rest_route=\/wp\/v2\/media\/99923"}],"wp:attachment":[{"href":"https:\/\/diarioregionaldigital.com.br\/index.php?rest_route=%2Fwp%2Fv2%2Fmedia&parent=99922"}],"wp:term":[{"taxonomy":"category","embeddable":true,"href":"https:\/\/diarioregionaldigital.com.br\/index.php?rest_route=%2Fwp%2Fv2%2Fcategories&post=99922"},{"taxonomy":"post_tag","embeddable":true,"href":"https:\/\/diarioregionaldigital.com.br\/index.php?rest_route=%2Fwp%2Fv2%2Ftags&post=99922"}],"curies":[{"name":"wp","href":"https:\/\/api.w.org\/{rel}","templated":true}]}}