{"id":99919,"date":"2018-05-10T09:06:22","date_gmt":"2018-05-10T12:06:22","guid":{"rendered":"http:\/\/diarioregionaljf.com.br\/?p=99919"},"modified":"2018-05-10T09:45:14","modified_gmt":"2018-05-10T12:45:14","slug":"em-sessao-no-senado-ministro-diz-que-havera-pacto-por-tolerancia-nas-eleicoes-presidenciais","status":"publish","type":"post","link":"https:\/\/diarioregionaldigital.com.br\/?p=99919","title":{"rendered":"Em sess\u00e3o no Senado, ministro diz que haver\u00e1 pacto por toler\u00e2ncia nas elei\u00e7\u00f5es presidenciais"},"content":{"rendered":"<p>Ap\u00f3s o dia 5 de agosto, quando se termina o prazo das conven\u00e7\u00f5es partid\u00e1rias, o presidente do Tribunal Superior Eleitoral (TSE), ministro Luiz Fux, chamar\u00e1 os candidatos a presidente da Rep\u00fablica para a formaliza\u00e7\u00e3o de um pacto para um processo eleitoral tolerante e propositivo.<\/p>\n<p>A informa\u00e7\u00e3o foi dada pelo ministro Admar Gonzaga, do pr\u00f3prio TSE, durante sess\u00e3o tem\u00e1tica no plen\u00e1rio do Senado que debateu nessa quarta-feira, 9, o aumento de casos de viol\u00eancia e intoler\u00e2ncia no processo pol\u00edtico do pa\u00eds.<\/p>\n<p>Gonzaga informou que Fux j\u00e1 vem negociando diretamente com os partidos, visando a realiza\u00e7\u00e3o de uma reuni\u00e3o antes das conven\u00e7\u00f5es, pois entende que a\u00e7\u00f5es inescrupulosas podem prejudicar seriamente o processo eleitoral.<\/p>\n<p>No rol de preocupa\u00e7\u00f5es do TSE, est\u00e3o a dissemina\u00e7\u00e3o deliberada de not\u00edcias falsas sobre os concorrentes (as\u00a0<i>fake news<\/i>) e o est\u00edmulo \u00e0 cultura intoler\u00e2ncia pelas legendas com quem pensa de forma diferente de suas bases e seus militantes:<\/p>\n<p>\u2014 O \u00f3dio pol\u00edtico n\u00e3o convive bem com a democracia. A sociedade precisa questionar a quem interessa a cultura de \u00f3dio que vem sendo pregada. N\u00e3o pode ser aceito que algu\u00e9m se ache no direito de atirar contra quem pensa diferente, como foi amplamente televisionado recentemente. Ser\u00e1 que foi uma pessoa desequilibrada ou uma a\u00e7\u00e3o orquestrada visando explorar as diverg\u00eancias? Se formos neste rumo, a pol\u00edtica ser\u00e1 capturada pelos mais inescrupulosos \u2014 alertou o ministro.<\/p>\n<p>Gonzaga tamb\u00e9m disse acreditar que outros atores na esfera p\u00fablica precisam priorizar a educa\u00e7\u00e3o pol\u00edtica, e entende que o atual n\u00edvel do debate no pa\u00eds \u00e9 prop\u00edcio para o &#8220;envenenamento e toxicidade do ambiente das disputas eleitorais&#8221;.<\/p>\n<h3><b>Elogios \u00e0 iniciativa do TSE<\/b><\/h3>\n<p>A iniciativa do Tribunal de formalizar um termo de compromisso entre os candidatos foi elogiada por Tib\u00e9rio Canuto, da Funda\u00e7\u00e3o Astrojildo Pereira (FAP). Ele lembrou que em 2010, ap\u00f3s uma s\u00e9rie de atentados praticados pelo grupo separatista basco ETA, na Espanha, todas as outras for\u00e7as pol\u00edticas superaram suas diverg\u00eancias ideol\u00f3gicas naturais e reagiram em conjunto para que as disputas se dessem dentro de regras civilizadas. Este movimento, surgido naturalmente na sociedade e encampado pelas lideran\u00e7as, levou ao isolamento crescente do ETA, que culminou na autodissolu\u00e7\u00e3o do grupo em 2018.<\/p>\n<p>O presidente da ONG Rep\u00f3rter Brasil, Leonardo Sakamoto, pediu que a Justi\u00e7a Eleitoral e o Minist\u00e9rio P\u00fablico a adotarem for\u00e7as-tarefa durante o processo eleitoral para dar respostas r\u00e1pidas, visando punir quem apela para a viol\u00eancia pol\u00edtica ou para a dissemina\u00e7\u00e3o de discursos de \u00f3dio a quem pensa diferente.<\/p>\n<h3><b>Crime organizado nas elei\u00e7\u00f5es<\/b><\/h3>\n<p>O engajamento formal dos atores numa cultura de disputa civilizada tamb\u00e9m foi elogiado pela cientista pol\u00edtica Michele Ramos, do Instituto Igarap\u00e9.<\/p>\n<p>Para ela, tal medida tornou-se algo necess\u00e1rio, pois o crime organizado vem cada vez mais assumindo espa\u00e7os na institucionalidade. Ela citou que as elei\u00e7\u00f5es de 2016 foram marcadas por diversos assassinatos de candidatos e interven\u00e7\u00f5es de tropas militares para que vota\u00e7\u00f5es ocorressem em muitos munic\u00edpios pa\u00eds afora.<\/p>\n<p>Michele tamb\u00e9m informou que cresce de forma preocupante a negocia\u00e7\u00e3o com chefes de fac\u00e7\u00f5es criminosas, para que campanhas sejam autorizadas em territ\u00f3rios controlados por eles. Al\u00e9m disso, o Brasil j\u00e1 virou um dos pa\u00edses onde mais se mata ativistas pol\u00edticos em todo o mundo, e o financiamento eleitoral irregular continua ocorrendo por meio da &#8220;compra&#8221; de n\u00fameros de CPFs. Ela ainda avalia que a ampla dissemina\u00e7\u00e3o das\u00a0<i>fake news\u00a0<\/i>pelas redes sociais \u00e9 outro fator que tem envenenado as rela\u00e7\u00f5es pol\u00edticas.<\/p>\n<h3><b>Partidos<\/b><\/h3>\n<p>A sess\u00e3o foi aberta pelo presidente do Senado, Eun\u00edcio Oliveira, que condenou quem explora a dissemina\u00e7\u00e3o de not\u00edcias falsas visando atingir objetivos eleitorais. Para o senador Jos\u00e9 Medeiros (Pode-MT), parte do clima de &#8220;vale-tudo&#8221; nas disputas pol\u00edticas \u00e9 responsabilidade dos partidos. Ele avalia predominar nas legendas a vis\u00e3o de que as elei\u00e7\u00f5es devem ser ganhas &#8220;a qualquer pre\u00e7o&#8221;, algo que para ele \u00e9 altamente prejudicial para a popula\u00e7\u00e3o.<\/p>\n<p>O senador Cristovam Buarque (PPS-DF), que presidiu parte da sess\u00e3o, disse que os tiros dados na caravana de Lula, no Rio Grande do Sul, o motivaram a requerer o debate. Para ele, atirar contra advers\u00e1rios na pol\u00edtica \u00e9 uma pr\u00e1tica &#8220;totalmente fascista, incompat\u00edvel com a civiliza\u00e7\u00e3o&#8221;.<\/p>\n<p>Para D\u00e1rio Berger (PMDB-SC), outro requerente da reuni\u00e3o, o pa\u00eds n\u00e3o pode ceder \u00e0s tenta\u00e7\u00f5es de vis\u00f5es extremistas:<\/p>\n<p>\u2014 A Hist\u00f3ria nos mostra que as vis\u00f5es sect\u00e1rias conduzem ao fascismo, \u00e0 exclus\u00e3o de setores inteiros da sociedade, gerando conflitos e guerras. Mesmo hoje h\u00e1 pa\u00edses sofrendo muito, com popula\u00e7\u00f5es preferindo fugir para outras na\u00e7\u00f5es, devido ao predom\u00ednio das vis\u00f5es autorit\u00e1rias \u2014 concluiu o senador.<\/p>\n<p>Fonte: Ag\u00eancia Senado<\/p>\n","protected":false},"excerpt":{"rendered":"<p>Ap\u00f3s o dia 5 de agosto, quando se termina o prazo das conven\u00e7\u00f5es partid\u00e1rias, o presidente do Tribunal Superior Eleitoral (TSE), ministro Luiz Fux, chamar\u00e1 os candidatos a presidente da Rep\u00fablica para a formaliza\u00e7\u00e3o de um pacto para um processo eleitoral tolerante e propositivo. A informa\u00e7\u00e3o foi dada pelo ministro Admar Gonzaga, do pr\u00f3prio TSE, [&hellip;]<\/p>\n","protected":false},"author":96,"featured_media":99920,"comment_status":"closed","ping_status":"closed","sticky":false,"template":"","format":"standard","meta":{"footnotes":""},"categories":[436,254,439],"tags":[],"class_list":["post-99919","post","type-post","status-publish","format-standard","has-post-thumbnail","hentry","category-destaque-da-semana","category-politica","category-ultima-hora"],"_links":{"self":[{"href":"https:\/\/diarioregionaldigital.com.br\/index.php?rest_route=\/wp\/v2\/posts\/99919","targetHints":{"allow":["GET"]}}],"collection":[{"href":"https:\/\/diarioregionaldigital.com.br\/index.php?rest_route=\/wp\/v2\/posts"}],"about":[{"href":"https:\/\/diarioregionaldigital.com.br\/index.php?rest_route=\/wp\/v2\/types\/post"}],"author":[{"embeddable":true,"href":"https:\/\/diarioregionaldigital.com.br\/index.php?rest_route=\/wp\/v2\/users\/96"}],"replies":[{"embeddable":true,"href":"https:\/\/diarioregionaldigital.com.br\/index.php?rest_route=%2Fwp%2Fv2%2Fcomments&post=99919"}],"version-history":[{"count":0,"href":"https:\/\/diarioregionaldigital.com.br\/index.php?rest_route=\/wp\/v2\/posts\/99919\/revisions"}],"wp:featuredmedia":[{"embeddable":true,"href":"https:\/\/diarioregionaldigital.com.br\/index.php?rest_route=\/wp\/v2\/media\/99920"}],"wp:attachment":[{"href":"https:\/\/diarioregionaldigital.com.br\/index.php?rest_route=%2Fwp%2Fv2%2Fmedia&parent=99919"}],"wp:term":[{"taxonomy":"category","embeddable":true,"href":"https:\/\/diarioregionaldigital.com.br\/index.php?rest_route=%2Fwp%2Fv2%2Fcategories&post=99919"},{"taxonomy":"post_tag","embeddable":true,"href":"https:\/\/diarioregionaldigital.com.br\/index.php?rest_route=%2Fwp%2Fv2%2Ftags&post=99919"}],"curies":[{"name":"wp","href":"https:\/\/api.w.org\/{rel}","templated":true}]}}