{"id":99917,"date":"2018-05-10T09:01:07","date_gmt":"2018-05-10T12:01:07","guid":{"rendered":"http:\/\/diarioregionaljf.com.br\/?p=99917"},"modified":"2018-05-10T09:43:03","modified_gmt":"2018-05-10T12:43:03","slug":"governo-comemora-aprovacao-do-cadastro-positivo-na-camara","status":"publish","type":"post","link":"https:\/\/diarioregionaldigital.com.br\/?p=99917","title":{"rendered":"Governo comemora aprova\u00e7\u00e3o do cadastro positivo na C\u00e2mara"},"content":{"rendered":"<p>O ministro da Secretaria de Governo, Carlos Marun, comemorou nessa quarta-feira, 9, a aprova\u00e7\u00e3o do cadastro positivo na C\u00e2mara. Os deputados aprovaram, na noite dessa quarta, o texto-base do Projeto de Lei Complementar (PLP) 411\/17, que prev\u00ea a inclus\u00e3o autom\u00e1tica de consumidores em uma esp\u00e9cie de cadastro nacional de bons pagadores.<\/p>\n<p>\u201cEntendemos que facilita o ambiente de neg\u00f3cios e atua no sentido da concretiza\u00e7\u00e3o de um objetivo nosso, de que a diminui\u00e7\u00e3o dos juros [b\u00e1sicos da economia] chegue tamb\u00e9m ao consumidor. Estamos felizes com a atua\u00e7\u00e3o da C\u00e2mara dos Deputados. Est\u00e3o de parab\u00e9ns o presidente da C\u00e2mara, os l\u00edderes e os parlamentares que votaram conosco\u201d, disse Marun, em entrevista coletiva, na noite de hoje, no Pal\u00e1cio do Planalto.<\/p>\n<p>A pauta era acompanhada de perto pelo governo, que considera o cadastro positivo um facilitador de cr\u00e9dito e, com isso, um est\u00edmulo ao consumo. A inclus\u00e3o no cadastro, no entanto, n\u00e3o \u00e9 obrigat\u00f3ria. O projeto estabelece que o banco comunique o cliente sobre a inclus\u00e3o no cadastro, al\u00e9m de informar os canais dispon\u00edveis para o cancelamento desse cadastro no banco de dados.<\/p>\n<h2>\u201cCandidaturas do atraso\u201d<\/h2>\n<p>Perguntado sobre campanha eleitoral, Marun defendeu que o candidato do governo, que ainda n\u00e3o foi definido, ser\u00e1 \u201ca agenda correta\u201d para o Brasil. \u201cSer\u00e1 que algu\u00e9m vai ser candidato para fazer a infla\u00e7\u00e3o crescer e o juro crescer? A agenda correta para o Brasil e a continuidade do crescimento \u00e9 a nossa\u201d.<\/p>\n<p>Marun disse ainda que aqueles candidatos que n\u00e3o defendem pautas do governo atual, como a fixa\u00e7\u00e3o de um teto de gastos para o governo e a reforma da Previd\u00eancia, s\u00e3o \u201ccandidaturas do atraso\u201d, e citou os primeiros colocados nas \u00faltimas pesquisas, Lula, Marina Silva e Jair Bolsonaro, al\u00e9m do Ciro Gomes, candidato do PDT, como exemplos desse tipo de candidatura.<\/p>\n<p>\u201cAs candidaturas que hoje est\u00e3o \u00e0 frente nas pesquisas representam o atraso, o retrocesso. Entendem que o limite ao crescimento do teto de gastos n\u00e3o \u00e9 v\u00e1lido. S\u00e3o candidaturas que representam o atraso para o Brasil. N\u00e3o tiveram coragem de dizer que o Brasil precisa de uma reforma da Previd\u00eancia. Quem n\u00e3o teve coragem de dizer isso claramente, para mim j\u00e1 representa um atraso\u201d.<\/p>\n<p>Fonte: Ag\u00eancia Brasil<\/p>\n","protected":false},"excerpt":{"rendered":"<p>O ministro da Secretaria de Governo, Carlos Marun, comemorou nessa quarta-feira, 9, a aprova\u00e7\u00e3o do cadastro positivo na C\u00e2mara. Os deputados aprovaram, na noite dessa quarta, o texto-base do Projeto de Lei Complementar (PLP) 411\/17, que prev\u00ea a inclus\u00e3o autom\u00e1tica de consumidores em uma esp\u00e9cie de cadastro nacional de bons pagadores. \u201cEntendemos que facilita o [&hellip;]<\/p>\n","protected":false},"author":96,"featured_media":97343,"comment_status":"closed","ping_status":"closed","sticky":false,"template":"","format":"standard","meta":{"footnotes":""},"categories":[254,439],"tags":[],"class_list":["post-99917","post","type-post","status-publish","format-standard","has-post-thumbnail","hentry","category-politica","category-ultima-hora"],"_links":{"self":[{"href":"https:\/\/diarioregionaldigital.com.br\/index.php?rest_route=\/wp\/v2\/posts\/99917","targetHints":{"allow":["GET"]}}],"collection":[{"href":"https:\/\/diarioregionaldigital.com.br\/index.php?rest_route=\/wp\/v2\/posts"}],"about":[{"href":"https:\/\/diarioregionaldigital.com.br\/index.php?rest_route=\/wp\/v2\/types\/post"}],"author":[{"embeddable":true,"href":"https:\/\/diarioregionaldigital.com.br\/index.php?rest_route=\/wp\/v2\/users\/96"}],"replies":[{"embeddable":true,"href":"https:\/\/diarioregionaldigital.com.br\/index.php?rest_route=%2Fwp%2Fv2%2Fcomments&post=99917"}],"version-history":[{"count":0,"href":"https:\/\/diarioregionaldigital.com.br\/index.php?rest_route=\/wp\/v2\/posts\/99917\/revisions"}],"wp:featuredmedia":[{"embeddable":true,"href":"https:\/\/diarioregionaldigital.com.br\/index.php?rest_route=\/wp\/v2\/media\/97343"}],"wp:attachment":[{"href":"https:\/\/diarioregionaldigital.com.br\/index.php?rest_route=%2Fwp%2Fv2%2Fmedia&parent=99917"}],"wp:term":[{"taxonomy":"category","embeddable":true,"href":"https:\/\/diarioregionaldigital.com.br\/index.php?rest_route=%2Fwp%2Fv2%2Fcategories&post=99917"},{"taxonomy":"post_tag","embeddable":true,"href":"https:\/\/diarioregionaldigital.com.br\/index.php?rest_route=%2Fwp%2Fv2%2Ftags&post=99917"}],"curies":[{"name":"wp","href":"https:\/\/api.w.org\/{rel}","templated":true}]}}