{"id":99912,"date":"2018-05-10T08:51:01","date_gmt":"2018-05-10T11:51:01","guid":{"rendered":"http:\/\/diarioregionaljf.com.br\/?p=99912"},"modified":"2018-05-10T08:51:01","modified_gmt":"2018-05-10T11:51:01","slug":"senado-aprova-a-divulgacao-detalhada-de-tarifas-de-concessionarias-na-internet","status":"publish","type":"post","link":"https:\/\/diarioregionaldigital.com.br\/?p=99912","title":{"rendered":"Senado aprova a divulga\u00e7\u00e3o detalhada de tarifas de concession\u00e1rias na internet"},"content":{"rendered":"<p>As concession\u00e1rias de servi\u00e7os de g\u00e1s, \u00e1gua, telefonia e energia el\u00e9trica ter\u00e3o que divulgar na internet, de forma clara e de f\u00e1cil compreens\u00e3o, o valor das tarifas e a evolu\u00e7\u00e3o dos pre\u00e7os ao longo dos \u00faltimos cinco anos. \u00c9 o que estabelece projeto aprovado nessa quarta-feira, 9, pelo Senado. O\u00a0<a href=\"http:\/\/www25.senado.leg.br\/web\/atividade\/materias\/-\/materia\/131990\">PLC 166\/2017<\/a>\u00a0segue para a san\u00e7\u00e3o presidencial.<\/p>\n<p>O projeto, do deputado Felipe Bornier (Pros-RJ), altera tr\u00eas leis para incluir exig\u00eancia da divulga\u00e7\u00e3o das informa\u00e7\u00f5es nos sites das concession\u00e1rias. A previs\u00e3o ser\u00e1 inclu\u00edda na\u00a0<a href=\"http:\/\/www.planalto.gov.br\/ccivil_03\/leis\/l8987compilada.htm\">Lei das Concess\u00f5es<\/a>, na\u00a0<a href=\"http:\/\/www.planalto.gov.br\/Ccivil_03\/leis\/L9427cons.htm\">lei<\/a>\u00a0que criou a Ag\u00eancia Nacional de Energia El\u00e9trica e na\u00a0<a href=\"http:\/\/www.planalto.gov.br\/ccivil_03\/leis\/l9472.htm\">Lei Geral de Telecomunica\u00e7\u00f5es<\/a>.<\/p>\n<p>Na Comiss\u00e3o de Transpar\u00eancia, Governan\u00e7a, Fiscaliza\u00e7\u00e3o e Controle e Defesa do Consumidor (CTFC), o texto foi relatado pelo senador Cidinho Santos (PR-MT). Para ele, a mudan\u00e7a aperfei\u00e7oa a legisla\u00e7\u00e3o, garantindo mais direitos aos consumidores.<\/p>\n<p>&#8220;A proposi\u00e7\u00e3o legislativa permitir\u00e1 ao consumidor descobrir com mais facilidade o valor da tarifa cobrada pela prestadora do servi\u00e7o p\u00fablico, de modo a comparar o pre\u00e7o cobrado por fornecedores que ofertam os mesmos servi\u00e7os&#8221;, destacou. O senador tamb\u00e9m disse que a divulga\u00e7\u00e3o das informa\u00e7\u00f5es n\u00e3o provocar\u00e1 aumento significativo de custos aos consumidores.<\/p>\n<p>Fonte: Ag\u00eancia Senado<\/p>\n","protected":false},"excerpt":{"rendered":"<p>As concession\u00e1rias de servi\u00e7os de g\u00e1s, \u00e1gua, telefonia e energia el\u00e9trica ter\u00e3o que divulgar na internet, de forma clara e de f\u00e1cil compreens\u00e3o, o valor das tarifas e a evolu\u00e7\u00e3o dos pre\u00e7os ao longo dos \u00faltimos cinco anos. \u00c9 o que estabelece projeto aprovado nessa quarta-feira, 9, pelo Senado. O\u00a0PLC 166\/2017\u00a0segue para a san\u00e7\u00e3o presidencial. [&hellip;]<\/p>\n","protected":false},"author":96,"featured_media":99915,"comment_status":"closed","ping_status":"closed","sticky":false,"template":"","format":"standard","meta":{"footnotes":""},"categories":[436,254,439],"tags":[],"class_list":["post-99912","post","type-post","status-publish","format-standard","has-post-thumbnail","hentry","category-destaque-da-semana","category-politica","category-ultima-hora"],"_links":{"self":[{"href":"https:\/\/diarioregionaldigital.com.br\/index.php?rest_route=\/wp\/v2\/posts\/99912","targetHints":{"allow":["GET"]}}],"collection":[{"href":"https:\/\/diarioregionaldigital.com.br\/index.php?rest_route=\/wp\/v2\/posts"}],"about":[{"href":"https:\/\/diarioregionaldigital.com.br\/index.php?rest_route=\/wp\/v2\/types\/post"}],"author":[{"embeddable":true,"href":"https:\/\/diarioregionaldigital.com.br\/index.php?rest_route=\/wp\/v2\/users\/96"}],"replies":[{"embeddable":true,"href":"https:\/\/diarioregionaldigital.com.br\/index.php?rest_route=%2Fwp%2Fv2%2Fcomments&post=99912"}],"version-history":[{"count":0,"href":"https:\/\/diarioregionaldigital.com.br\/index.php?rest_route=\/wp\/v2\/posts\/99912\/revisions"}],"wp:featuredmedia":[{"embeddable":true,"href":"https:\/\/diarioregionaldigital.com.br\/index.php?rest_route=\/wp\/v2\/media\/99915"}],"wp:attachment":[{"href":"https:\/\/diarioregionaldigital.com.br\/index.php?rest_route=%2Fwp%2Fv2%2Fmedia&parent=99912"}],"wp:term":[{"taxonomy":"category","embeddable":true,"href":"https:\/\/diarioregionaldigital.com.br\/index.php?rest_route=%2Fwp%2Fv2%2Fcategories&post=99912"},{"taxonomy":"post_tag","embeddable":true,"href":"https:\/\/diarioregionaldigital.com.br\/index.php?rest_route=%2Fwp%2Fv2%2Ftags&post=99912"}],"curies":[{"name":"wp","href":"https:\/\/api.w.org\/{rel}","templated":true}]}}