{"id":99909,"date":"2018-05-10T08:28:13","date_gmt":"2018-05-10T11:28:13","guid":{"rendered":"http:\/\/diarioregionaljf.com.br\/?p=99909"},"modified":"2018-05-10T08:28:13","modified_gmt":"2018-05-10T11:28:13","slug":"mulher-e-agredida-durante-assalto-no-granbery","status":"publish","type":"post","link":"https:\/\/diarioregionaldigital.com.br\/?p=99909","title":{"rendered":"Mulher \u00e9 agredida durante assalto no Granbery"},"content":{"rendered":"<p>Uma mulher de 31 anos foi agredida por um assaltante no bairro Granbery, regi\u00e3o central, na manh\u00e3 dessa quinta-feira, 9.<\/p>\n<p>A v\u00edtima relatou \u00e0 Pol\u00edcia Militar (PM) que transitava pela Rua Batista de Oliveira quando foi abordada por um indiv\u00edduo, que correu em sua dire\u00e7\u00e3o e anunciou o assaltou. O autor agarrou a bolsa da mulher, jogando-a no ch\u00e3o e arrastando-a.<\/p>\n<p>A v\u00edtima sofreu algumas escoria\u00e7\u00f5es, mas dispensou atendimento m\u00e9dico. O assaltante fugiu levando sua bolsa, contendo um telefone celular, aparelho m\u00e9dicos e instrumentos de fisioterapia.<\/p>\n","protected":false},"excerpt":{"rendered":"<p>Uma mulher de 31 anos foi agredida por um assaltante no bairro Granbery, regi\u00e3o central, na manh\u00e3 dessa quinta-feira, 9. A v\u00edtima relatou \u00e0 Pol\u00edcia Militar (PM) que transitava pela Rua Batista de Oliveira quando foi abordada por um indiv\u00edduo, que correu em sua dire\u00e7\u00e3o e anunciou o assaltou. O autor agarrou a bolsa da [&hellip;]<\/p>\n","protected":false},"author":96,"featured_media":95836,"comment_status":"closed","ping_status":"closed","sticky":false,"template":"","format":"standard","meta":{"footnotes":""},"categories":[301,439],"tags":[],"class_list":["post-99909","post","type-post","status-publish","format-standard","has-post-thumbnail","hentry","category-artigos-policiais","category-ultima-hora"],"_links":{"self":[{"href":"https:\/\/diarioregionaldigital.com.br\/index.php?rest_route=\/wp\/v2\/posts\/99909","targetHints":{"allow":["GET"]}}],"collection":[{"href":"https:\/\/diarioregionaldigital.com.br\/index.php?rest_route=\/wp\/v2\/posts"}],"about":[{"href":"https:\/\/diarioregionaldigital.com.br\/index.php?rest_route=\/wp\/v2\/types\/post"}],"author":[{"embeddable":true,"href":"https:\/\/diarioregionaldigital.com.br\/index.php?rest_route=\/wp\/v2\/users\/96"}],"replies":[{"embeddable":true,"href":"https:\/\/diarioregionaldigital.com.br\/index.php?rest_route=%2Fwp%2Fv2%2Fcomments&post=99909"}],"version-history":[{"count":0,"href":"https:\/\/diarioregionaldigital.com.br\/index.php?rest_route=\/wp\/v2\/posts\/99909\/revisions"}],"wp:featuredmedia":[{"embeddable":true,"href":"https:\/\/diarioregionaldigital.com.br\/index.php?rest_route=\/wp\/v2\/media\/95836"}],"wp:attachment":[{"href":"https:\/\/diarioregionaldigital.com.br\/index.php?rest_route=%2Fwp%2Fv2%2Fmedia&parent=99909"}],"wp:term":[{"taxonomy":"category","embeddable":true,"href":"https:\/\/diarioregionaldigital.com.br\/index.php?rest_route=%2Fwp%2Fv2%2Fcategories&post=99909"},{"taxonomy":"post_tag","embeddable":true,"href":"https:\/\/diarioregionaldigital.com.br\/index.php?rest_route=%2Fwp%2Fv2%2Ftags&post=99909"}],"curies":[{"name":"wp","href":"https:\/\/api.w.org\/{rel}","templated":true}]}}