{"id":99907,"date":"2018-05-10T08:18:24","date_gmt":"2018-05-10T11:18:24","guid":{"rendered":"http:\/\/diarioregionaljf.com.br\/?p=99907"},"modified":"2018-05-10T08:18:24","modified_gmt":"2018-05-10T11:18:24","slug":"pm-apreende-pe-de-maconha-no-nova-germania","status":"publish","type":"post","link":"https:\/\/diarioregionaldigital.com.br\/?p=99907","title":{"rendered":"PM apreende p\u00e9 de maconha no Nova Germ\u00e2nia"},"content":{"rendered":"<p>A Pol\u00edcia Militar (PM) apreendeu um p\u00e9 de maconha na resid\u00eancia de um jovem de 20 anos no bairro Nova Germ\u00e2nia, zona Oeste da cidade, na tarde dessa quarta-feira, 9. Os militares compareceram ao local ap\u00f3s recebimento de den\u00fancia an\u00f4nima.<\/p>\n<p>Conforme informa\u00e7\u00f5es da corpora\u00e7\u00e3o, ap\u00f3s ter a entrada autorizada na casa, os militares visualizaram o jovem arremessando objetos por cima de um muro no quintal da casa. No local foram encontrados um p\u00e9 de maconha, al\u00e9m de 91 buchas e um tablete prensado da mesma droga e duas balan\u00e7as de precis\u00e3o.<\/p>\n<p>No interior da resid\u00eancia foram apreendidas mais duas buchas de maconha, um saquinho contendo coca\u00edna e um pino utilizado na venda da referida subst\u00e2ncia. Foi encontrado, ainda, um cart\u00e3o do bolsa fam\u00edlia, que o jovem alegou ser de sua prima e usado na prepara\u00e7\u00e3o e refino da coca\u00edna.<\/p>\n<p>O autor assumiu a propriedade de todos os materiais apreendidos e foi preso em flagrante. Com ele foi localizada a quantia de R$12.<\/p>\n","protected":false},"excerpt":{"rendered":"<p>A Pol\u00edcia Militar (PM) apreendeu um p\u00e9 de maconha na resid\u00eancia de um jovem de 20 anos no bairro Nova Germ\u00e2nia, zona Oeste da cidade, na tarde dessa quarta-feira, 9. Os militares compareceram ao local ap\u00f3s recebimento de den\u00fancia an\u00f4nima. Conforme informa\u00e7\u00f5es da corpora\u00e7\u00e3o, ap\u00f3s ter a entrada autorizada na casa, os militares visualizaram o [&hellip;]<\/p>\n","protected":false},"author":96,"featured_media":95836,"comment_status":"closed","ping_status":"closed","sticky":false,"template":"","format":"standard","meta":{"footnotes":""},"categories":[301,439],"tags":[],"class_list":["post-99907","post","type-post","status-publish","format-standard","has-post-thumbnail","hentry","category-artigos-policiais","category-ultima-hora"],"_links":{"self":[{"href":"https:\/\/diarioregionaldigital.com.br\/index.php?rest_route=\/wp\/v2\/posts\/99907","targetHints":{"allow":["GET"]}}],"collection":[{"href":"https:\/\/diarioregionaldigital.com.br\/index.php?rest_route=\/wp\/v2\/posts"}],"about":[{"href":"https:\/\/diarioregionaldigital.com.br\/index.php?rest_route=\/wp\/v2\/types\/post"}],"author":[{"embeddable":true,"href":"https:\/\/diarioregionaldigital.com.br\/index.php?rest_route=\/wp\/v2\/users\/96"}],"replies":[{"embeddable":true,"href":"https:\/\/diarioregionaldigital.com.br\/index.php?rest_route=%2Fwp%2Fv2%2Fcomments&post=99907"}],"version-history":[{"count":0,"href":"https:\/\/diarioregionaldigital.com.br\/index.php?rest_route=\/wp\/v2\/posts\/99907\/revisions"}],"wp:featuredmedia":[{"embeddable":true,"href":"https:\/\/diarioregionaldigital.com.br\/index.php?rest_route=\/wp\/v2\/media\/95836"}],"wp:attachment":[{"href":"https:\/\/diarioregionaldigital.com.br\/index.php?rest_route=%2Fwp%2Fv2%2Fmedia&parent=99907"}],"wp:term":[{"taxonomy":"category","embeddable":true,"href":"https:\/\/diarioregionaldigital.com.br\/index.php?rest_route=%2Fwp%2Fv2%2Fcategories&post=99907"},{"taxonomy":"post_tag","embeddable":true,"href":"https:\/\/diarioregionaldigital.com.br\/index.php?rest_route=%2Fwp%2Fv2%2Ftags&post=99907"}],"curies":[{"name":"wp","href":"https:\/\/api.w.org\/{rel}","templated":true}]}}