{"id":99898,"date":"2018-05-10T07:56:00","date_gmt":"2018-05-10T10:56:00","guid":{"rendered":"http:\/\/diarioregionaljf.com.br\/?p=99898"},"modified":"2018-05-10T08:00:41","modified_gmt":"2018-05-10T11:00:41","slug":"99898","status":"publish","type":"post","link":"https:\/\/diarioregionaldigital.com.br\/?p=99898","title":{"rendered":"Mesa da ALMG discute rito de den\u00fancia contra o governador"},"content":{"rendered":"<p>A Mesa da Assembleia Legislativa de Minas Gerais (ALMG) se reuniu nessa quarta-feira, 9, para definir o\u00a0rito de tramita\u00e7\u00e3o da <a href=\"http:\/\/diarioregionaljf.com.br\/2018\/04\/26\/assembleia-de-minas-aceita-pedido-de-impeachment-contra-governador-fernando-pimentel\/\" target=\"_blank\" rel=\"noopener\">den\u00fancia contra o governador Fernando Pimentel (PT) por suposto crime de responsabilidade<\/a>.<\/p>\n<p>Durante a reuni\u00e3o, foi discutida uma minuta para o rito de tramita\u00e7\u00e3o da den\u00fancia, que pode ensejar o impeachment do governador. Esse rito foi definido com base nos Regimentos Internos da\u00a0<a href=\"https:\/\/www.almg.gov.br\/consulte\/legislacao\/index.html?aba=js_tabRegimentoInterno\">ALMG<\/a>\u00a0e da\u00a0<a href=\"http:\/\/www2.camara.leg.br\/atividade-legislativa\/legislacao\/regimento-interno-da-camara-dos-deputados\">C\u00e2mara dos Deputados<\/a>, na\u00a0<a href=\"http:\/\/www2.camara.leg.br\/legin\/fed\/lei\/1950-1959\/lei-1079-10-abril-1950-363423-normaatualizada-pl.html\">Lei Federal 1.079, de 1950<\/a>, que tipifica os crimes de responsabilidade cometidos por agentes p\u00fablicos, e em decis\u00f5es recentes do Supremo Tribunal Federal (STF) sobre o assunto.<\/p>\n<p>O 1\u00ba-secret\u00e1rio da ALMG, deputado\u00a0Rog\u00e9rio Correia (PT), pediu vista do procedimento de defini\u00e7\u00e3o do rito. Com isso, ele ser\u00e1 conclu\u00eddo na pr\u00f3xima reuni\u00e3o da Mesa, marcada para a pr\u00f3xima quarta-feira, 16.<\/p>\n<p>Veja a seguir os passos propostos para o rito e seus respectivos prazos.<\/p>\n<p>&nbsp;<\/p>\n<table width=\"643\" cellspacing=\"0\" cellpadding=\"0\">\n<tbody>\n<tr valign=\"top\">\n<td rowspan=\"7\" width=\"150\" height=\"56\">Plen\u00e1rio\/Presid\u00eancia<\/td>\n<td width=\"253\">Recebimento<\/td>\n<td width=\"238\">Den\u00fancia recebida em Plen\u00e1rio no dia 26\/4<\/td>\n<\/tr>\n<tr valign=\"top\">\n<td width=\"253\">Publica\u00e7\u00e3o da den\u00fancia<\/td>\n<td width=\"238\">Publicada no Di\u00e1rio do Legislativo em 28\/4<\/td>\n<\/tr>\n<tr valign=\"top\">\n<td width=\"253\">Leitura da den\u00fancia e fundamenta\u00e7\u00e3o<\/td>\n<td width=\"238\">Acontecer\u00e1 em reuni\u00e3o ap\u00f3s decis\u00e3o sobre quest\u00f5es de ordem ainda pendentes<\/td>\n<\/tr>\n<tr valign=\"top\">\n<td width=\"253\">Indica\u00e7\u00e3o dos membros pelos lideres<\/td>\n<td width=\"238\">5 dias \u00fateis<\/td>\n<\/tr>\n<tr valign=\"top\">\n<td width=\"253\">Elei\u00e7\u00e3o da comiss\u00e3o especial<\/td>\n<td width=\"238\">Ap\u00f3s indica\u00e7\u00e3o de seus integrantes por l\u00edderes de blocos e bancadas<\/td>\n<\/tr>\n<tr valign=\"top\">\n<td width=\"253\">Designa\u00e7\u00e3o da comiss\u00e3o<\/td>\n<td width=\"238\">Ap\u00f3s indica\u00e7\u00e3o de membros e elei\u00e7\u00e3o em Plen\u00e1rio<\/td>\n<\/tr>\n<tr valign=\"top\">\n<td width=\"253\">Publica\u00e7\u00e3o<\/td>\n<td width=\"238\">48 horas<\/td>\n<\/tr>\n<tr valign=\"top\">\n<td rowspan=\"5\" width=\"150\" height=\"51\">&nbsp;<\/p>\n<p>&nbsp;<\/p>\n<p>&nbsp;<\/p>\n<p>&nbsp;<\/p>\n<p>Comiss\u00e3o Especial<\/td>\n<td width=\"253\">Reuni\u00e3o da comiss\u00e3o para elei\u00e7\u00e3o para presidente, vice e relator<\/td>\n<td width=\"238\">48 horas<\/td>\n<\/tr>\n<tr valign=\"top\">\n<td width=\"253\">Notifica\u00e7\u00e3o do Governador<\/td>\n<td width=\"238\">1 dia<\/td>\n<\/tr>\n<tr valign=\"top\">\n<td width=\"253\">Defesa do Governador<\/td>\n<td width=\"238\">10 reuni\u00f5es de Plen\u00e1rio, contadas a partir do recebimento da notifica\u00e7\u00e3o<\/td>\n<\/tr>\n<tr valign=\"top\">\n<td width=\"253\">Oitiva do Autor e do denunciado<\/td>\n<td width=\"238\">Sem prazo definido<\/td>\n<\/tr>\n<tr valign=\"top\">\n<td width=\"253\">Apresenta\u00e7\u00e3o e aprova\u00e7\u00e3o do relat\u00f3rio<\/td>\n<td width=\"238\">5 reuni\u00f5es de Plen\u00e1rio, ap\u00f3s manifesta\u00e7\u00e3o do denunciado ou ap\u00f3s prazo do t\u00e9rmino da defesa<\/td>\n<\/tr>\n<tr valign=\"top\">\n<td rowspan=\"7\" width=\"150\" height=\"25\">&nbsp;<\/p>\n<p>&nbsp;<\/p>\n<p>&nbsp;<\/p>\n<p>&nbsp;<\/p>\n<p>Plen\u00e1rio<\/td>\n<td width=\"253\">Leitura do parecer em reuni\u00e3o<\/td>\n<td width=\"238\">Sem prazo definido<\/td>\n<\/tr>\n<tr valign=\"top\">\n<td width=\"253\">Discuss\u00e3o do parecer<\/td>\n<td width=\"238\">Tem in\u00edcio 48 horas ap\u00f3s publica\u00e7\u00e3o no Di\u00e1rio do Legislativo<\/td>\n<\/tr>\n<tr valign=\"top\">\n<td width=\"253\">Vota\u00e7\u00e3o<\/td>\n<td width=\"238\">Sem prazo definido<\/td>\n<\/tr>\n<tr valign=\"top\">\n<td width=\"253\">Se admitida a den\u00fancia:<\/td>\n<td width=\"238\"><\/td>\n<\/tr>\n<tr valign=\"top\">\n<td width=\"253\">Notifica\u00e7\u00e3o do Governador<\/td>\n<td width=\"238\">Sem prazo definido<\/td>\n<\/tr>\n<tr valign=\"top\">\n<td width=\"253\">Of\u00edcio ao Tribunal de Justi\u00e7a<\/td>\n<td width=\"238\">Sem prazo definido<\/td>\n<\/tr>\n<tr valign=\"top\">\n<td width=\"253\">Defini\u00e7\u00e3o da mesa sobre elei\u00e7\u00e3o dos representantes para tribunal de julgamento<\/td>\n<td width=\"238\">5 dias<\/td>\n<\/tr>\n<\/tbody>\n<\/table>\n<p>&nbsp;<\/p>\n<p>&nbsp;<\/p>\n<p><span style=\"font-size: 12pt;\"><strong>TRAMITA\u00c7\u00c3O SUSPENSA\u00a0<\/strong><\/span><\/p>\n<p>A den\u00fancia de iniciativa popular contra o governador Fernando Pimentel foi apresentada pelo advogado Mariel M\u00e1rley Marra. Segundo ele, o crime de responsabilidade se configura em fun\u00e7\u00e3o do\u00a0atraso nos repasses financeiros devidos aos Poderes Legislativo e Judici\u00e1rio. Ele cita, ainda, a\u00a0reten\u00e7\u00e3o de recursos estaduais devidos aos munic\u00edpios.<\/p>\n<p>A <a href=\"http:\/\/diarioregionaljf.com.br\/2018\/05\/02\/almg-suspende-tramitacao-de-processo-de-impeachment-de-pimentel\/\" target=\"_blank\" rel=\"noopener\">tramita\u00e7\u00e3o da den\u00fancia permanece suspensa<\/a> at\u00e9 a an\u00e1lise de duas quest\u00f5es de ordem apresentadas pelos deputados Rog\u00e9rio Correia e Andr\u00e9 Quint\u00e3o (PT), que pedem a anula\u00e7\u00e3o do pedido de impeachment.<\/p>\n<p>&nbsp;<\/p>\n<p>Fonte: Assessoria ALMG<\/p>\n","protected":false},"excerpt":{"rendered":"<p>A Mesa da Assembleia Legislativa de Minas Gerais (ALMG) se reuniu nessa quarta-feira, 9, para definir o\u00a0rito de tramita\u00e7\u00e3o da den\u00fancia contra o governador Fernando Pimentel (PT) por suposto crime de responsabilidade. Durante a reuni\u00e3o, foi discutida uma minuta para o rito de tramita\u00e7\u00e3o da den\u00fancia, que pode ensejar o impeachment do governador. Esse rito [&hellip;]<\/p>\n","protected":false},"author":96,"featured_media":99902,"comment_status":"closed","ping_status":"closed","sticky":false,"template":"","format":"standard","meta":{"footnotes":""},"categories":[254,439],"tags":[],"class_list":["post-99898","post","type-post","status-publish","format-standard","has-post-thumbnail","hentry","category-politica","category-ultima-hora"],"_links":{"self":[{"href":"https:\/\/diarioregionaldigital.com.br\/index.php?rest_route=\/wp\/v2\/posts\/99898","targetHints":{"allow":["GET"]}}],"collection":[{"href":"https:\/\/diarioregionaldigital.com.br\/index.php?rest_route=\/wp\/v2\/posts"}],"about":[{"href":"https:\/\/diarioregionaldigital.com.br\/index.php?rest_route=\/wp\/v2\/types\/post"}],"author":[{"embeddable":true,"href":"https:\/\/diarioregionaldigital.com.br\/index.php?rest_route=\/wp\/v2\/users\/96"}],"replies":[{"embeddable":true,"href":"https:\/\/diarioregionaldigital.com.br\/index.php?rest_route=%2Fwp%2Fv2%2Fcomments&post=99898"}],"version-history":[{"count":0,"href":"https:\/\/diarioregionaldigital.com.br\/index.php?rest_route=\/wp\/v2\/posts\/99898\/revisions"}],"wp:featuredmedia":[{"embeddable":true,"href":"https:\/\/diarioregionaldigital.com.br\/index.php?rest_route=\/wp\/v2\/media\/99902"}],"wp:attachment":[{"href":"https:\/\/diarioregionaldigital.com.br\/index.php?rest_route=%2Fwp%2Fv2%2Fmedia&parent=99898"}],"wp:term":[{"taxonomy":"category","embeddable":true,"href":"https:\/\/diarioregionaldigital.com.br\/index.php?rest_route=%2Fwp%2Fv2%2Fcategories&post=99898"},{"taxonomy":"post_tag","embeddable":true,"href":"https:\/\/diarioregionaldigital.com.br\/index.php?rest_route=%2Fwp%2Fv2%2Ftags&post=99898"}],"curies":[{"name":"wp","href":"https:\/\/api.w.org\/{rel}","templated":true}]}}