{"id":99895,"date":"2018-05-10T07:28:51","date_gmt":"2018-05-10T10:28:51","guid":{"rendered":"http:\/\/diarioregionaljf.com.br\/?p=99895"},"modified":"2018-05-10T07:28:51","modified_gmt":"2018-05-10T10:28:51","slug":"quatro-ministros-da-2a-turma-votam-contra-recurso-para-soltar-lula","status":"publish","type":"post","link":"https:\/\/diarioregionaldigital.com.br\/?p=99895","title":{"rendered":"Quatro ministros da 2\u00aa Turma votam contra recurso para soltar Lula"},"content":{"rendered":"<p>O ministro Ricardo Lewandowski\u00a0votou nessa quarta-feira, 9, contra o <a href=\"http:\/\/diarioregionaljf.com.br\/2018\/05\/04\/stf-inicia-julgamento-virtual-do-pedido-de-liberdade-do-ex-presidente-lula\/\" target=\"_blank\" rel=\"noopener\">recurso da defesa do ex-presidente Luiz In\u00e1cio Lula da Silva para que ele seja solto<\/a>. Embora com ressalvas nos argumentos, ele seguiu o voto do relator, ministro Edson Fachin.<\/p>\n<p>Tamb\u00e9m nesta\u00a0quarta-feira, o ministro Gilmar Mendes votou contra o recurso de Lula. O ministro Dias Toffoli tamb\u00e9m negou o pedido de liberdade, o que soma quatro votos contr\u00e1rios ao ex-presidente.<\/p>\n<p>Participam do julgamento do recurso\u00a0os cinco ministros que comp\u00f5em a\u00a0Segunda\u00a0Turma do STF &#8211; al\u00e9m de Fachin, Mendes, Toffoli, Lewandwoski e o ministro Celso de Mello, \u00fanico que ainda n\u00e3o votou, o que pode ser feito a qualquer momento.<\/p>\n<p>O julgamento, iniciado na \u00faltima\u00a0sexta-feira, ocorre no plen\u00e1rio virtual, ambiente em que os ministros votam remotamente. O prazo para que seja conclu\u00edda a an\u00e1lise do recurso se encerra nesta quinta-feira,10,\u00a0\u00e0s 23h59. Caso Celso de Mello fa\u00e7a pedido de vista ou destaque, o processo deve passar a ser discutido presencialmente.<\/p>\n<p>No julgamento virtual, os ministros apresentam seus votos pelo\u00a0sistema eletr\u00f4nico, sem se reunirem. O plen\u00e1rio virtual funciona 24 horas por dia e os ministros podem acessar de qualquer lugar. Se algum ministro n\u00e3o apresenta o voto at\u00e9 o fim do prazo,\u00a0\u00e9 considerado que ele seguiu o relator.<\/p>\n<p>&nbsp;<\/p>\n<p><span style=\"font-size: 12pt;\"><strong>LULA PRESO<\/strong><\/span><\/p>\n<p>Lula est\u00e1 preso na Superintend\u00eancia da Pol\u00edcia Federal em Curitiba desde o dia\u00a07 de abril, por determina\u00e7\u00e3o do juiz S\u00e9rgio Moro, que ordenou a execu\u00e7\u00e3o provis\u00f3ria da pena de 12 anos e um m\u00eas de pris\u00e3o pelo crimes de corrup\u00e7\u00e3o e lavagem de dinheiro, no caso do triplex do Guaruj\u00e1 (SP). Na ordem de pris\u00e3o, o magistrado disse que o tr\u00e2mite do processo na\u00a0segunda inst\u00e2ncia j\u00e1 havia se encerrado.<\/p>\n<p>No recurso que est\u00e1 sendo julgado,\u00a0a defesa de Lula rebate Moro, sustentando que o juiz n\u00e3o poderia\u00a0ter\u00a0executado a pena porque n\u00e3o houve esgotamento dos recursos no Tribunal Regional Federal da 4\u00aa Regi\u00e3o (TRF),\u00a0segunda\u00a0inst\u00e2ncia da Justi\u00e7a Federal.<\/p>\n<p>Para os advogados, o entendimento atual do Supremo, que autoriza as pris\u00f5es ap\u00f3s\u00a0segunda\u00a0inst\u00e2ncia, deveria\u00a0ter\u00a0sido aplicado somente ap\u00f3s o tr\u00e2nsito em julgado no TRF4, o que ainda n\u00e3o teria ocorrido, pois ainda se encontram pendentes de an\u00e1lise final no tribunal a admissibilidade dos recursos especial e extraordin\u00e1rio.<\/p>\n<p>Os advogados tamb\u00e9m pedem que o ex-presidente possa aguardar em liberdade o fim de todos os recursos judiciais poss\u00edveis.<\/p>\n<p>&nbsp;<\/p>\n<p>Fonte: Ag\u00eancia Brasil<\/p>\n","protected":false},"excerpt":{"rendered":"<p>O ministro Ricardo Lewandowski\u00a0votou nessa quarta-feira, 9, contra o recurso da defesa do ex-presidente Luiz In\u00e1cio Lula da Silva para que ele seja solto. Embora com ressalvas nos argumentos, ele seguiu o voto do relator, ministro Edson Fachin. Tamb\u00e9m nesta\u00a0quarta-feira, o ministro Gilmar Mendes votou contra o recurso de Lula. O ministro Dias Toffoli tamb\u00e9m [&hellip;]<\/p>\n","protected":false},"author":96,"featured_media":99896,"comment_status":"closed","ping_status":"closed","sticky":false,"template":"","format":"standard","meta":{"footnotes":""},"categories":[254,439],"tags":[],"class_list":["post-99895","post","type-post","status-publish","format-standard","has-post-thumbnail","hentry","category-politica","category-ultima-hora"],"_links":{"self":[{"href":"https:\/\/diarioregionaldigital.com.br\/index.php?rest_route=\/wp\/v2\/posts\/99895","targetHints":{"allow":["GET"]}}],"collection":[{"href":"https:\/\/diarioregionaldigital.com.br\/index.php?rest_route=\/wp\/v2\/posts"}],"about":[{"href":"https:\/\/diarioregionaldigital.com.br\/index.php?rest_route=\/wp\/v2\/types\/post"}],"author":[{"embeddable":true,"href":"https:\/\/diarioregionaldigital.com.br\/index.php?rest_route=\/wp\/v2\/users\/96"}],"replies":[{"embeddable":true,"href":"https:\/\/diarioregionaldigital.com.br\/index.php?rest_route=%2Fwp%2Fv2%2Fcomments&post=99895"}],"version-history":[{"count":0,"href":"https:\/\/diarioregionaldigital.com.br\/index.php?rest_route=\/wp\/v2\/posts\/99895\/revisions"}],"wp:featuredmedia":[{"embeddable":true,"href":"https:\/\/diarioregionaldigital.com.br\/index.php?rest_route=\/wp\/v2\/media\/99896"}],"wp:attachment":[{"href":"https:\/\/diarioregionaldigital.com.br\/index.php?rest_route=%2Fwp%2Fv2%2Fmedia&parent=99895"}],"wp:term":[{"taxonomy":"category","embeddable":true,"href":"https:\/\/diarioregionaldigital.com.br\/index.php?rest_route=%2Fwp%2Fv2%2Fcategories&post=99895"},{"taxonomy":"post_tag","embeddable":true,"href":"https:\/\/diarioregionaldigital.com.br\/index.php?rest_route=%2Fwp%2Fv2%2Ftags&post=99895"}],"curies":[{"name":"wp","href":"https:\/\/api.w.org\/{rel}","templated":true}]}}