{"id":99874,"date":"2018-05-10T06:00:33","date_gmt":"2018-05-10T09:00:33","guid":{"rendered":"http:\/\/diarioregionaljf.com.br\/?p=99874"},"modified":"2018-05-09T20:05:04","modified_gmt":"2018-05-09T23:05:04","slug":"recuperacao-do-emprego-como-se-preparar-para-voltar-ao-mercado-de-trabalho","status":"publish","type":"post","link":"https:\/\/diarioregionaldigital.com.br\/?p=99874","title":{"rendered":"Recupera\u00e7\u00e3o do emprego: como se preparar para voltar ao mercado de trabalho?"},"content":{"rendered":"<p>101 Uma pesquisa feita pelo Ita\u00fa Unibanco, assinada pelo economista chefe da institui\u00e7\u00e3o, M\u00e1rio Mesquita, aponta a proje\u00e7\u00e3o de queda dos atuais 12,6% de taxa de desemprego, para 11,7% at\u00e9 o fim de 2018, e de 10,7% para 2019.<\/p>\n<p>De 1% em 1%, as previs\u00f5es s\u00e3o otimistas. O PIB desse ano est\u00e1 previsto para 2,6% de crescimento, de acordo com o Banco Central. De 2017 para 2018, a economia se expandiu 1%. S\u00e3o n\u00fameros ainda modestos, mas positivos. A perspectiva de melhora deve retirar milh\u00f5es de brasileiros de uma situa\u00e7\u00e3o extremamente complicada.<\/p>\n<p>Por\u00e9m, a\u00a0recupera\u00e7\u00e3o dever\u00e1 ser lenta e gradativa. Ou seja, ainda haver\u00e1 muito mais oferta de profissionais do que de vagas. Nesse cen\u00e1rio de alta competitividade, como se diferenciar? Que profissionais ser\u00e3o privilegiados pelas empresas que est\u00e3o voltando a contratar? Como se tornar um deles? \u00c9 isso que quero ajudar a esclarecer.<\/p>\n<p>Estar desempregado nunca \u00e9 f\u00e1cil, sempre surge uma mistura de sentimentos, sobretudo quando ocorreu uma demiss\u00e3o. Contudo, esse \u00e9 um momento oportuno para se reposicionar e aproveitar as experi\u00eancias que poder\u00e3o facilitar &#8211; e muito &#8211; a recoloca\u00e7\u00e3o.<\/p>\n<p>A primeira delas \u00e9 manter-se em movimento. Estudar e investir em atualiza\u00e7\u00e3o \u00e9 fundamental. Isso tamb\u00e9m \u00e9 importante para se estabelecer novos relacionamentos que podem resultar em indica\u00e7\u00f5es, o famoso\u00a0networking. Os estudos podem ser dentro da sua \u00e1rea, em uma especializa\u00e7\u00e3o, ou at\u00e9 mesmo em novas l\u00ednguas. Idioma \u00e9 um grande diferencial no Brasil, pois o numero de candidatos com flu\u00eancia \u00e9 muito baixo.<\/p>\n<p>\u00c9 importante ressaltar que existem muitos cursos gratuitos e conte\u00fados sem custo na internet, e at\u00e9 mesmo em institui\u00e7\u00f5es. Basta pesquisar. Sabemos que com a renda curta, sobra pouco para investir em si mesmo, mas h\u00e1 maneiras de fazer isso sem gastar suas reservas.<\/p>\n<p>Dependendo da sua \u00e1rea de atua\u00e7\u00e3o, manter um bom portf\u00f3lio tamb\u00e9m pode ser decisivo para o recrutador. Os resultados passados sempre chamam a aten\u00e7\u00e3o das empresas, pois elas sabem que podem esperar boas coisas daquele profissional.<\/p>\n<p>Outra importante dica, que pode parecer meio \u00f3bvia, \u00e9 sempre manter seu curr\u00edculo atualizado. \u00c9 interessante que toda essa movimenta\u00e7\u00e3o seja registrada devidamente &#8211; sobretudo se voc\u00ea utiliza v\u00e1rias plataformas de busca de vagas, como consultorias, sites e at\u00e9 na entrega pessoalmente.<\/p>\n<p>Online\u00a0ou\u00a0off-line, busque participar de grupos de interesse e de influ\u00eancia, sobretudo em redes sociais como o LinkedIn. No quesito\u00a0offline, veja se consegue frequentar eventos do segmento em que atua. Eles oferecem conhecimento e at\u00e9 mesmo certifica\u00e7\u00f5es que ampliar\u00e3o seu curr\u00edculo &#8211; sem contar no relacionamento intensificado com profissionais da sua \u00e1rea.<\/p>\n<p>Hoje as empresas se preocupam muito se o candidato ter\u00e1 \u201cader\u00eancia\u201d \u00e0 empresa. Elas buscam pessoas com engajamento, vontade de crescer, dinamismo e interesse. \u00c9 por isso que o comportamento \u00e9 t\u00e3o importante quanto a experi\u00eancia, e ajuda a destacar o profissional. Uma das compet\u00eancias que mais se busca atualmente \u00e9 se o candidato tem senso de \u201cdono\u201d, confian\u00e7a e capacidade para cumprimentos de prazo.<\/p>\n<p>Por fim, \u00e9 interessante buscar tamb\u00e9m conhecimento em outras \u00e1reas. Muitos profissionais t\u00eam recorrido, por exemplo, ao teatro, arte e dan\u00e7a para desenvolver a comunica\u00e7\u00e3o verbal e corporal. Os projetos sociais tamb\u00e9m ajudam muito no desenvolvimento de lideran\u00e7a, trabalho em grupo e engajamento. Essas atividades incentivam a criatividade e podem te ajudar a se destacar na hora de uma entrevista. Esteja bem preparado e v\u00e1 em busca de sua recoloca\u00e7\u00e3o profissional.<\/p>\n","protected":false},"excerpt":{"rendered":"<p>101 Uma pesquisa feita pelo Ita\u00fa Unibanco, assinada pelo economista chefe da institui\u00e7\u00e3o, M\u00e1rio Mesquita, aponta a proje\u00e7\u00e3o de queda dos atuais 12,6% de taxa de desemprego, para 11,7% at\u00e9 o fim de 2018, e de 10,7% para 2019. De 1% em 1%, as previs\u00f5es s\u00e3o otimistas. O PIB desse ano est\u00e1 previsto para 2,6% [&hellip;]<\/p>\n","protected":false},"author":96,"featured_media":99875,"comment_status":"closed","ping_status":"closed","sticky":false,"template":"","format":"standard","meta":{"footnotes":""},"categories":[291],"tags":[],"class_list":["post-99874","post","type-post","status-publish","format-standard","has-post-thumbnail","hentry","category-versoes-artigos-de-opiniao"],"_links":{"self":[{"href":"https:\/\/diarioregionaldigital.com.br\/index.php?rest_route=\/wp\/v2\/posts\/99874","targetHints":{"allow":["GET"]}}],"collection":[{"href":"https:\/\/diarioregionaldigital.com.br\/index.php?rest_route=\/wp\/v2\/posts"}],"about":[{"href":"https:\/\/diarioregionaldigital.com.br\/index.php?rest_route=\/wp\/v2\/types\/post"}],"author":[{"embeddable":true,"href":"https:\/\/diarioregionaldigital.com.br\/index.php?rest_route=\/wp\/v2\/users\/96"}],"replies":[{"embeddable":true,"href":"https:\/\/diarioregionaldigital.com.br\/index.php?rest_route=%2Fwp%2Fv2%2Fcomments&post=99874"}],"version-history":[{"count":0,"href":"https:\/\/diarioregionaldigital.com.br\/index.php?rest_route=\/wp\/v2\/posts\/99874\/revisions"}],"wp:featuredmedia":[{"embeddable":true,"href":"https:\/\/diarioregionaldigital.com.br\/index.php?rest_route=\/wp\/v2\/media\/99875"}],"wp:attachment":[{"href":"https:\/\/diarioregionaldigital.com.br\/index.php?rest_route=%2Fwp%2Fv2%2Fmedia&parent=99874"}],"wp:term":[{"taxonomy":"category","embeddable":true,"href":"https:\/\/diarioregionaldigital.com.br\/index.php?rest_route=%2Fwp%2Fv2%2Fcategories&post=99874"},{"taxonomy":"post_tag","embeddable":true,"href":"https:\/\/diarioregionaldigital.com.br\/index.php?rest_route=%2Fwp%2Fv2%2Ftags&post=99874"}],"curies":[{"name":"wp","href":"https:\/\/api.w.org\/{rel}","templated":true}]}}