{"id":99854,"date":"2018-05-10T06:00:21","date_gmt":"2018-05-10T09:00:21","guid":{"rendered":"http:\/\/diarioregionaljf.com.br\/?p=99854"},"modified":"2018-08-13T20:29:31","modified_gmt":"2018-08-13T23:29:31","slug":"prefeitura-municipal-de-descoberto-10-05-18","status":"publish","type":"post","link":"https:\/\/diarioregionaldigital.com.br\/?p=99854","title":{"rendered":"Prefeitura Municipal De Descoberto 10\/05\/18"},"content":{"rendered":"<p style=\"text-align: center;\"><strong>EXTRATO PRIMEIRO TERMO ADITIVO DE CONTRATO<\/strong><\/p>\n<p style=\"text-align: center;\">1\u00ba Termo Aditivo. Pref. Municipal de Descoberto x Centro de Ensino e Servi\u00e7os Ltda -ME- Objeto: Constitui objeto do presente termo aditivo a modifica\u00e7\u00e3o do prazo de vig\u00eancia do contrato, que passar\u00e1 a vigorar de 16\/02\/18 a 14\/08\/18 e o aumento em at\u00e9 25% do valor do objeto do contrato &#8211; Fundamento: Carta Convite n\u00ba 010\/2017 \u2013 Valor Global: 8.140,00 &#8211; Vig\u00eancia: 16\/02\/18 a 14\/02\/18 \u2013 Dot or\u00e7: 02.02000.04.122.0002.218-339030\/100- 02.02000.04.181.0002.223-339039\/100- 02.08000.08.244.0011.232-339030\/100- 02.04001.12.122.0002.233-339039\/101- 02.08000.08.244.0012.237-339039\/100- 02.04002.12.361.0003.255-339030\/101- 02.04002.12.365.0003.260-339030\/101- 02.05001.10.122.0002.284-339039\/102- \u00a0Ass: 16\/02\/18- Foro: S\u00e3o Jo\u00e3o Nepomuceno\/MG.<\/p>\n<p style=\"text-align: center;\"><strong>Marcos de Ara\u00fajo Lima<\/strong><\/p>\n<p style=\"text-align: center;\"><strong>Prefeito Municipal<\/strong><\/p>\n<p>&nbsp;<\/p>\n","protected":false},"excerpt":{"rendered":"<p>EXTRATO PRIMEIRO TERMO ADITIVO DE CONTRATO 1\u00ba Termo Aditivo. Pref. Municipal de Descoberto x Centro de Ensino e Servi\u00e7os Ltda -ME- Objeto: Constitui objeto do presente termo aditivo a modifica\u00e7\u00e3o do prazo de vig\u00eancia do contrato, que passar\u00e1 a vigorar de 16\/02\/18 a 14\/08\/18 e o aumento em at\u00e9 25% do valor do objeto do [&hellip;]<\/p>\n","protected":false},"author":96,"featured_media":0,"comment_status":"closed","ping_status":"closed","sticky":false,"template":"","format":"standard","meta":{"footnotes":""},"categories":[307],"tags":[],"class_list":["post-99854","post","type-post","status-publish","format-standard","hentry","category-editais"],"_links":{"self":[{"href":"https:\/\/diarioregionaldigital.com.br\/index.php?rest_route=\/wp\/v2\/posts\/99854","targetHints":{"allow":["GET"]}}],"collection":[{"href":"https:\/\/diarioregionaldigital.com.br\/index.php?rest_route=\/wp\/v2\/posts"}],"about":[{"href":"https:\/\/diarioregionaldigital.com.br\/index.php?rest_route=\/wp\/v2\/types\/post"}],"author":[{"embeddable":true,"href":"https:\/\/diarioregionaldigital.com.br\/index.php?rest_route=\/wp\/v2\/users\/96"}],"replies":[{"embeddable":true,"href":"https:\/\/diarioregionaldigital.com.br\/index.php?rest_route=%2Fwp%2Fv2%2Fcomments&post=99854"}],"version-history":[{"count":0,"href":"https:\/\/diarioregionaldigital.com.br\/index.php?rest_route=\/wp\/v2\/posts\/99854\/revisions"}],"wp:attachment":[{"href":"https:\/\/diarioregionaldigital.com.br\/index.php?rest_route=%2Fwp%2Fv2%2Fmedia&parent=99854"}],"wp:term":[{"taxonomy":"category","embeddable":true,"href":"https:\/\/diarioregionaldigital.com.br\/index.php?rest_route=%2Fwp%2Fv2%2Fcategories&post=99854"},{"taxonomy":"post_tag","embeddable":true,"href":"https:\/\/diarioregionaldigital.com.br\/index.php?rest_route=%2Fwp%2Fv2%2Ftags&post=99854"}],"curies":[{"name":"wp","href":"https:\/\/api.w.org\/{rel}","templated":true}]}}