{"id":99852,"date":"2018-05-10T06:00:40","date_gmt":"2018-05-10T09:00:40","guid":{"rendered":"http:\/\/diarioregionaljf.com.br\/?p=99852"},"modified":"2018-08-13T20:29:31","modified_gmt":"2018-08-13T23:29:31","slug":"edital-de-convocacao-centro-medico-rio-branco-10-05-18","status":"publish","type":"post","link":"https:\/\/diarioregionaldigital.com.br\/?p=99852","title":{"rendered":"Edital De Convoca\u00e7\u00e3o &#8211; Centro M\u00e9dico Rio Branco 10\/05\/18"},"content":{"rendered":"<p style=\"text-align: center;\"><strong>CENTRO M\u00c9DICO RIO BRANCO LTDA, <\/strong><\/p>\n<p style=\"text-align: center;\"><strong>CNPJ42.946.483\/0001-61, <\/strong><\/p>\n<p style=\"text-align: center;\"><strong>EDITAL DE CONVOCA\u00c7\u00c3O ASSEMBLEIA GERAL ORDIN\u00c1RIA<\/strong><\/p>\n<p>Pelo presente, ficam os senhores s\u00f3cios do CENTRO M\u00c9DICO RIO BRANCO, constantes no Contrato Social da Empresa, convocados para a reuni\u00e3o ordin\u00e1ria a realizar-se no dia 18 de maio de 2018 \u00e0s 19:30h, na sede da empresa, para a seguinte ordem do dia:<\/p>\n<p>ELEI\u00c7\u00c3O DE NOVA DIRETORIA PARA O BI\u00caNIO 2017-2019;RELAT\u00d3RIO DO CONTROLE DE INFEC\u00c7\u00c3O HOSPITALAR;<\/p>\n<p>RELAT\u00d3RIO DA AUDITORIA CONT\u00c1BIL;ASSUNTOS GERAIS.<\/p>\n<p>Juiz de Fora 02 de maio de 2018 Dr. MARCO ANT\u00d4NIO MENEZES COELHO DA SILVA Diretor Administrativo Financeiro<\/p>\n","protected":false},"excerpt":{"rendered":"<p>CENTRO M\u00c9DICO RIO BRANCO LTDA, CNPJ42.946.483\/0001-61, EDITAL DE CONVOCA\u00c7\u00c3O ASSEMBLEIA GERAL ORDIN\u00c1RIA Pelo presente, ficam os senhores s\u00f3cios do CENTRO M\u00c9DICO RIO BRANCO, constantes no Contrato Social da Empresa, convocados para a reuni\u00e3o ordin\u00e1ria a realizar-se no dia 18 de maio de 2018 \u00e0s 19:30h, na sede da empresa, para a seguinte ordem do dia: [&hellip;]<\/p>\n","protected":false},"author":96,"featured_media":0,"comment_status":"closed","ping_status":"closed","sticky":false,"template":"","format":"standard","meta":{"footnotes":""},"categories":[307],"tags":[],"class_list":["post-99852","post","type-post","status-publish","format-standard","hentry","category-editais"],"_links":{"self":[{"href":"https:\/\/diarioregionaldigital.com.br\/index.php?rest_route=\/wp\/v2\/posts\/99852","targetHints":{"allow":["GET"]}}],"collection":[{"href":"https:\/\/diarioregionaldigital.com.br\/index.php?rest_route=\/wp\/v2\/posts"}],"about":[{"href":"https:\/\/diarioregionaldigital.com.br\/index.php?rest_route=\/wp\/v2\/types\/post"}],"author":[{"embeddable":true,"href":"https:\/\/diarioregionaldigital.com.br\/index.php?rest_route=\/wp\/v2\/users\/96"}],"replies":[{"embeddable":true,"href":"https:\/\/diarioregionaldigital.com.br\/index.php?rest_route=%2Fwp%2Fv2%2Fcomments&post=99852"}],"version-history":[{"count":0,"href":"https:\/\/diarioregionaldigital.com.br\/index.php?rest_route=\/wp\/v2\/posts\/99852\/revisions"}],"wp:attachment":[{"href":"https:\/\/diarioregionaldigital.com.br\/index.php?rest_route=%2Fwp%2Fv2%2Fmedia&parent=99852"}],"wp:term":[{"taxonomy":"category","embeddable":true,"href":"https:\/\/diarioregionaldigital.com.br\/index.php?rest_route=%2Fwp%2Fv2%2Fcategories&post=99852"},{"taxonomy":"post_tag","embeddable":true,"href":"https:\/\/diarioregionaldigital.com.br\/index.php?rest_route=%2Fwp%2Fv2%2Ftags&post=99852"}],"curies":[{"name":"wp","href":"https:\/\/api.w.org\/{rel}","templated":true}]}}