{"id":99837,"date":"2018-05-10T06:00:39","date_gmt":"2018-05-10T09:00:39","guid":{"rendered":"http:\/\/diarioregionaljf.com.br\/?p=99837"},"modified":"2018-05-09T19:11:42","modified_gmt":"2018-05-09T22:11:42","slug":"santidade","status":"publish","type":"post","link":"https:\/\/diarioregionaldigital.com.br\/?p=99837","title":{"rendered":"No Topo"},"content":{"rendered":"<p style=\"text-align: center;\"><strong>Santidade<\/strong><\/p>\n<p style=\"text-align: center;\">No pr\u00f3ximo dia 13 de maio, os cat\u00f3licos celebram Nossa Senhora de F\u00e1tima, uma das devo\u00e7\u00f5es marianas mais populares do mundo. Em 2018, uma bonita coincid\u00eancia na mesma data, ser\u00e1 lembrado o Dia das M\u00e3es, marcado para o segundo domingo do m\u00eas Mariano. Na Arquidiocese de Juiz de Fora ser\u00e1 lembrada em todas as par\u00f3quias, mas em especial naquelas que a homenageiam no nome.<\/p>\n<p style=\"text-align: center;\"><strong>Forum da Cultura<\/strong><\/p>\n<p style=\"text-align: center;\">Foi inaugurada, na Galeria de Arte do Forum da Cultura &#8211; UFJF, a mostra \u201cRabiscos\u201d, com trabalhos do artista-pl\u00e1stico, nascido em Ita\u00fanas Hael, nome artistico de Raphael Nascimento Leite. Com a proposta de apresentar um olhar masculino sobre o empoderamento feminino, a mostra \u201cRabiscos\u201d tem, no referencial, obras que possuem estreitas conex\u00f5es com o inconsciente, fruto da rela\u00e7\u00e3o do artista com a psicologia.<\/p>\n<p style=\"text-align: center;\"><strong>CES\/JF<\/strong><\/p>\n<p style=\"text-align: center;\">O curso de Tecnologia em Design de Moda do CES\/JF realiza, no dia 10 de maio, o Semin\u00e1rio Interdisciplinar em Design de Moda, que tem como objetivo as apresenta\u00e7\u00f5es dos projetos de Trabalho de Conclus\u00e3o de Curso (TCC), para a pr\u00e9-banca. O curso acontece a partir das 8h no Campus Arnaldo Janssen e traz novas perspectivas de pensamento em que o aluno do \u00faltimo per\u00edodo do curso ir\u00e1 apresentar seu projeto experimental de uma cole\u00e7\u00e3o de moda aos professores e avaliadores.<\/p>\n<p style=\"text-align: center;\"><strong>No Topo<\/strong><\/p>\n<p style=\"text-align: center;\">A gravadora Sony Music (33%) ultrapassou a Universal (32,6%) e foi a gravadora n\u00famero 1 de 2017, de acordo com um levantamento in\u00e9dito da Pr\u00f3-M\u00fasica, entidade que representa o setor fonogr\u00e1fico nacional.<\/p>\n<p style=\"text-align: center;\"><strong>Em S\u00e3o Paulo<\/strong><\/p>\n<p style=\"text-align: center;\">Na terra da garoa, nesta 5\u00aa feira, 10, vai rolar a primeira apresenta\u00e7\u00e3o deste ano do Samba Nova no Teatro. No palco, Dem\u00f4nios da Garoa, Paulo Miklos, Arnaldo Antunes, Pedro Mariano, Paula Lima e a diva juiz-forana Sandra Portella. Ser\u00e1 no Memorial da America Latina.<\/p>\n<div id=\"attachment_99804\" style=\"width: 690px\" class=\"wp-caption aligncenter\"><img loading=\"lazy\" decoding=\"async\" aria-describedby=\"caption-attachment-99804\" class=\"wp-image-99804\" src=\"http:\/\/diarioregionaljf.com.br\/wp-content\/uploads\/2018\/05\/fotoa-5.jpg\" alt=\"\" width=\"680\" height=\"383\" srcset=\"https:\/\/diarioregionaldigital.com.br\/wp-content\/uploads\/2018\/05\/fotoa-5.jpg 960w, https:\/\/diarioregionaldigital.com.br\/wp-content\/uploads\/2018\/05\/fotoa-5-300x169.jpg 300w, https:\/\/diarioregionaldigital.com.br\/wp-content\/uploads\/2018\/05\/fotoa-5-768x432.jpg 768w, https:\/\/diarioregionaldigital.com.br\/wp-content\/uploads\/2018\/05\/fotoa-5-360x203.jpg 360w\" sizes=\"auto, (max-width: 680px) 100vw, 680px\" \/><p id=\"caption-attachment-99804\" class=\"wp-caption-text\">A elegante Luciana Lopes com o testemunho da lua aniversaria hoje e comemorou no Condom\u00ednio Parque das Colinas com Carlos Barbosa, Delma Esteves e Vani Pedro<\/p><\/div>\n<div id=\"attachment_99805\" style=\"width: 690px\" class=\"wp-caption aligncenter\"><img loading=\"lazy\" decoding=\"async\" aria-describedby=\"caption-attachment-99805\" class=\"wp-image-99805\" src=\"http:\/\/diarioregionaljf.com.br\/wp-content\/uploads\/2018\/05\/fotoaa-2.jpg\" alt=\"\" width=\"680\" height=\"510\" srcset=\"https:\/\/diarioregionaldigital.com.br\/wp-content\/uploads\/2018\/05\/fotoaa-2.jpg 720w, https:\/\/diarioregionaldigital.com.br\/wp-content\/uploads\/2018\/05\/fotoaa-2-300x225.jpg 300w, https:\/\/diarioregionaldigital.com.br\/wp-content\/uploads\/2018\/05\/fotoaa-2-360x270.jpg 360w\" sizes=\"auto, (max-width: 680px) 100vw, 680px\" \/><p id=\"caption-attachment-99805\" class=\"wp-caption-text\">Em ritmo de samba, Paula Silvestre e Bruno Pereira, na Escola de Samba Uni\u00e3o das Cores<\/p><\/div>\n<div id=\"attachment_99807\" style=\"width: 690px\" class=\"wp-caption aligncenter\"><img loading=\"lazy\" decoding=\"async\" aria-describedby=\"caption-attachment-99807\" class=\"wp-image-99807\" src=\"http:\/\/diarioregionaljf.com.br\/wp-content\/uploads\/2018\/05\/fotoc-5-e1525899189773.jpg\" alt=\"\" width=\"680\" height=\"470\" srcset=\"https:\/\/diarioregionaldigital.com.br\/wp-content\/uploads\/2018\/05\/fotoc-5-e1525899189773.jpg 796w, https:\/\/diarioregionaldigital.com.br\/wp-content\/uploads\/2018\/05\/fotoc-5-e1525899189773-300x207.jpg 300w, https:\/\/diarioregionaldigital.com.br\/wp-content\/uploads\/2018\/05\/fotoc-5-e1525899189773-768x531.jpg 768w, https:\/\/diarioregionaldigital.com.br\/wp-content\/uploads\/2018\/05\/fotoc-5-e1525899189773-360x249.jpg 360w, https:\/\/diarioregionaldigital.com.br\/wp-content\/uploads\/2018\/05\/fotoc-5-e1525899189773-100x70.jpg 100w\" sizes=\"auto, (max-width: 680px) 100vw, 680px\" \/><p id=\"caption-attachment-99807\" class=\"wp-caption-text\">Na Danke Club na Festa Corazon, os lindos Laurien Fonseca, Rafael Barino e Mariana Ghedin<\/p><\/div>\n<div id=\"attachment_99809\" style=\"width: 690px\" class=\"wp-caption aligncenter\"><img loading=\"lazy\" decoding=\"async\" aria-describedby=\"caption-attachment-99809\" class=\"wp-image-99809\" src=\"http:\/\/diarioregionaljf.com.br\/wp-content\/uploads\/2018\/05\/fotod-4.jpg\" alt=\"\" width=\"680\" height=\"383\" srcset=\"https:\/\/diarioregionaldigital.com.br\/wp-content\/uploads\/2018\/05\/fotod-4.jpg 1440w, https:\/\/diarioregionaldigital.com.br\/wp-content\/uploads\/2018\/05\/fotod-4-300x169.jpg 300w, https:\/\/diarioregionaldigital.com.br\/wp-content\/uploads\/2018\/05\/fotod-4-768x432.jpg 768w, https:\/\/diarioregionaldigital.com.br\/wp-content\/uploads\/2018\/05\/fotod-4-1024x576.jpg 1024w, https:\/\/diarioregionaldigital.com.br\/wp-content\/uploads\/2018\/05\/fotod-4-360x203.jpg 360w\" sizes=\"auto, (max-width: 680px) 100vw, 680px\" \/><p id=\"caption-attachment-99809\" class=\"wp-caption-text\">Nos Estados Unidos em ritmo de doce-far-niente, os lindos Lourdes Reis, Rodrigo Pina e Ju Maia<\/p><\/div>\n<div id=\"attachment_99819\" style=\"width: 690px\" class=\"wp-caption aligncenter\"><img loading=\"lazy\" decoding=\"async\" aria-describedby=\"caption-attachment-99819\" class=\"wp-image-99819\" src=\"http:\/\/diarioregionaljf.com.br\/wp-content\/uploads\/2018\/05\/fotoe-5-e1525899571390.jpg\" alt=\"\" width=\"680\" height=\"550\" srcset=\"https:\/\/diarioregionaldigital.com.br\/wp-content\/uploads\/2018\/05\/fotoe-5-e1525899571390.jpg 950w, https:\/\/diarioregionaldigital.com.br\/wp-content\/uploads\/2018\/05\/fotoe-5-e1525899571390-300x243.jpg 300w, https:\/\/diarioregionaldigital.com.br\/wp-content\/uploads\/2018\/05\/fotoe-5-e1525899571390-768x621.jpg 768w, https:\/\/diarioregionaldigital.com.br\/wp-content\/uploads\/2018\/05\/fotoe-5-e1525899571390-360x291.jpg 360w\" sizes=\"auto, (max-width: 680px) 100vw, 680px\" \/><p id=\"caption-attachment-99819\" class=\"wp-caption-text\">Direto de Betim, o fot\u00f3grafo Jeison Costa conquista seu espa\u00e7o nas Minas Gerais<\/p><\/div>\n<div id=\"attachment_99821\" style=\"width: 690px\" class=\"wp-caption aligncenter\"><img loading=\"lazy\" decoding=\"async\" aria-describedby=\"caption-attachment-99821\" class=\"wp-image-99821\" src=\"http:\/\/diarioregionaljf.com.br\/wp-content\/uploads\/2018\/05\/fotog-5.jpg\" alt=\"\" width=\"680\" height=\"453\" srcset=\"https:\/\/diarioregionaldigital.com.br\/wp-content\/uploads\/2018\/05\/fotog-5.jpg 800w, https:\/\/diarioregionaldigital.com.br\/wp-content\/uploads\/2018\/05\/fotog-5-300x200.jpg 300w, https:\/\/diarioregionaldigital.com.br\/wp-content\/uploads\/2018\/05\/fotog-5-768x512.jpg 768w, https:\/\/diarioregionaldigital.com.br\/wp-content\/uploads\/2018\/05\/fotog-5-360x240.jpg 360w\" sizes=\"auto, (max-width: 680px) 100vw, 680px\" \/><p id=\"caption-attachment-99821\" class=\"wp-caption-text\">Jovens antenados curtindo o Mhall, Claucimar Ildefonso, J\u00falia Ferreira, Camila Cavanellas e Vin\u00edcius Mendes<\/p><\/div>\n<div id=\"attachment_99814\" style=\"width: 690px\" class=\"wp-caption aligncenter\"><img loading=\"lazy\" decoding=\"async\" aria-describedby=\"caption-attachment-99814\" class=\"wp-image-99814\" src=\"http:\/\/diarioregionaljf.com.br\/wp-content\/uploads\/2018\/05\/fotoh-5-e1525899248566.jpg\" alt=\"\" width=\"680\" height=\"599\" srcset=\"https:\/\/diarioregionaldigital.com.br\/wp-content\/uploads\/2018\/05\/fotoh-5-e1525899248566.jpg 623w, https:\/\/diarioregionaldigital.com.br\/wp-content\/uploads\/2018\/05\/fotoh-5-e1525899248566-300x264.jpg 300w, https:\/\/diarioregionaldigital.com.br\/wp-content\/uploads\/2018\/05\/fotoh-5-e1525899248566-360x317.jpg 360w, https:\/\/diarioregionaldigital.com.br\/wp-content\/uploads\/2018\/05\/fotoh-5-e1525899248566-555x490.jpg 555w\" sizes=\"auto, (max-width: 680px) 100vw, 680px\" \/><p id=\"caption-attachment-99814\" class=\"wp-caption-text\">Na Cl\u00ednica Espa\u00e7o Lazer, Jussara Barbosa paparica o modelo e cantor Wesley Ferry<\/p><\/div>\n<div id=\"attachment_99820\" style=\"width: 690px\" class=\"wp-caption aligncenter\"><img loading=\"lazy\" decoding=\"async\" aria-describedby=\"caption-attachment-99820\" class=\"wp-image-99820\" src=\"http:\/\/diarioregionaljf.com.br\/wp-content\/uploads\/2018\/05\/fotof-5.jpg\" alt=\"\" width=\"680\" height=\"449\" srcset=\"https:\/\/diarioregionaldigital.com.br\/wp-content\/uploads\/2018\/05\/fotof-5.jpg 800w, https:\/\/diarioregionaldigital.com.br\/wp-content\/uploads\/2018\/05\/fotof-5-300x198.jpg 300w, https:\/\/diarioregionaldigital.com.br\/wp-content\/uploads\/2018\/05\/fotof-5-768x507.jpg 768w, https:\/\/diarioregionaldigital.com.br\/wp-content\/uploads\/2018\/05\/fotof-5-360x238.jpg 360w\" sizes=\"auto, (max-width: 680px) 100vw, 680px\" \/><p id=\"caption-attachment-99820\" class=\"wp-caption-text\">O deputado Isauro Calais homenageado na CMJF com a outorga do T\u00edtulo de Cidad\u00e3o Honor\u00e1rio, foi prestigiado pelo presidente Rodrigo de Mattos, prefeito Ant\u00f4nio Almas e vereador Wagner Oliveira<\/p><\/div>\n<div id=\"attachment_99815\" style=\"width: 690px\" class=\"wp-caption aligncenter\"><img loading=\"lazy\" decoding=\"async\" aria-describedby=\"caption-attachment-99815\" class=\"wp-image-99815\" src=\"http:\/\/diarioregionaljf.com.br\/wp-content\/uploads\/2018\/05\/fotoj-4-e1525899990690.jpg\" alt=\"\" width=\"680\" height=\"821\" srcset=\"https:\/\/diarioregionaldigital.com.br\/wp-content\/uploads\/2018\/05\/fotoj-4-e1525899990690.jpg 636w, https:\/\/diarioregionaldigital.com.br\/wp-content\/uploads\/2018\/05\/fotoj-4-e1525899990690-248x300.jpg 248w, https:\/\/diarioregionaldigital.com.br\/wp-content\/uploads\/2018\/05\/fotoj-4-e1525899990690-360x435.jpg 360w\" sizes=\"auto, (max-width: 680px) 100vw, 680px\" \/><p id=\"caption-attachment-99815\" class=\"wp-caption-text\">Em foco especial do fot\u00f3grafo Thiago Kadosh, uma luz para a bela Aila Costa<\/p><\/div>\n<p>&nbsp;<\/p>\n<p style=\"text-align: center;\"><strong>FOTOSS\u00cdNTESE<\/strong><\/p>\n<p>Aniversariando na 5\u00aa feira, 10 de maio, a elegante propriet\u00e1ria da loja Ana Modas, Luciana Lopes. Parab\u00e9ns.<\/p>\n<p>J\u00e1 est\u00e3o em Porto Pr\u00edncipe, no Haiti, os cinco mission\u00e1rios da Arquidiocese de Juiz de Fora, onde enfrentam desafios e solidariedade. O grupo \u00e9 composto pelo padre Pierre Maur\u00edcio de Almeida Cantarino; pelos casais Magda Conde e Jos\u00e9 Gabriel Tim\u00f3teo Tostes, ambos m\u00e9dicos; por Rosana Sanguim Vieira e J\u00e9sus Vieira J\u00fanior. Eles formam a Miss\u00e3o Continental e ir\u00e3o trabalhar com artesanato.<\/p>\n<p>S\u00f4nia Calil e Guilherme Salgado Rocha s\u00e3o os idealizadores do Caixas de Hist\u00f3rias lan\u00e7ado em Juiz de Fora. A proposta \u00e9 a troca de livros, que poder\u00e3o ser retirados em uma caixa no Bar do Abud, na Rua Oswaldo Aranha.<\/p>\n<p>A jornalista Laila Hallack manda avisar que foi contratada para rep\u00f3rter da InterTV, em Cabo Frio (RJ).<\/p>\n<p>Muita gente foi prestigiar o show de pr\u00eamios na Casa de Passagem e Acolhimento Beth\u00e2nia. Administrada pelo padre Davi, o evento tem boa causa e solidariedade.<\/p>\n<p>Agendado para o dia 29 de maio, a solenidade de entrega da maior horaria da cidade a \u201cMedalha M\u00e9rito Comendador Henrique Halfeld\u201d. Ser\u00e1 no Teatro Paschoal Carlos Magno.<\/p>\n<p>Aten\u00e7\u00e3o: a Associa\u00e7\u00e3o Portuguesa do Sono avisa que levantar cedo e ir logo correr \u00e9 caminho certo para o enfarte.<\/p>\n<p>O chef Nicola Caruso faz sucesso na cozinha do Hotel Green Hill. Dentre op\u00e7\u00f5es em seu card\u00e1pio, salada Caesar de entrada, arroz com alho por\u00f3, legumes cozidos salteados na manteiga e um bel\u00edssimo salm\u00e3o com molho de alcaparras e champignons.<\/p>\n<p>Aviso dos Bombeiros. Com fogo n\u00e3o se brinca. Bom dia.<\/p>\n<p>&nbsp;<\/p>\n<p>&nbsp;<\/p>\n","protected":false},"excerpt":{"rendered":"<p>Santidade No pr\u00f3ximo dia 13 de maio, os cat\u00f3licos celebram Nossa Senhora de F\u00e1tima, uma das devo\u00e7\u00f5es marianas mais populares do mundo. Em 2018, uma bonita coincid\u00eancia na mesma data, ser\u00e1 lembrado o Dia das M\u00e3es, marcado para o segundo domingo do m\u00eas Mariano. Na Arquidiocese de Juiz de Fora ser\u00e1 lembrada em todas as [&hellip;]<\/p>\n","protected":false},"author":96,"featured_media":99804,"comment_status":"closed","ping_status":"closed","sticky":false,"template":"","format":"standard","meta":{"footnotes":""},"categories":[264],"tags":[],"class_list":["post-99837","post","type-post","status-publish","format-standard","has-post-thumbnail","hentry","category-eduardo-gomes"],"_links":{"self":[{"href":"https:\/\/diarioregionaldigital.com.br\/index.php?rest_route=\/wp\/v2\/posts\/99837","targetHints":{"allow":["GET"]}}],"collection":[{"href":"https:\/\/diarioregionaldigital.com.br\/index.php?rest_route=\/wp\/v2\/posts"}],"about":[{"href":"https:\/\/diarioregionaldigital.com.br\/index.php?rest_route=\/wp\/v2\/types\/post"}],"author":[{"embeddable":true,"href":"https:\/\/diarioregionaldigital.com.br\/index.php?rest_route=\/wp\/v2\/users\/96"}],"replies":[{"embeddable":true,"href":"https:\/\/diarioregionaldigital.com.br\/index.php?rest_route=%2Fwp%2Fv2%2Fcomments&post=99837"}],"version-history":[{"count":0,"href":"https:\/\/diarioregionaldigital.com.br\/index.php?rest_route=\/wp\/v2\/posts\/99837\/revisions"}],"wp:featuredmedia":[{"embeddable":true,"href":"https:\/\/diarioregionaldigital.com.br\/index.php?rest_route=\/wp\/v2\/media\/99804"}],"wp:attachment":[{"href":"https:\/\/diarioregionaldigital.com.br\/index.php?rest_route=%2Fwp%2Fv2%2Fmedia&parent=99837"}],"wp:term":[{"taxonomy":"category","embeddable":true,"href":"https:\/\/diarioregionaldigital.com.br\/index.php?rest_route=%2Fwp%2Fv2%2Fcategories&post=99837"},{"taxonomy":"post_tag","embeddable":true,"href":"https:\/\/diarioregionaldigital.com.br\/index.php?rest_route=%2Fwp%2Fv2%2Ftags&post=99837"}],"curies":[{"name":"wp","href":"https:\/\/api.w.org\/{rel}","templated":true}]}}