{"id":99802,"date":"2018-05-09T17:23:57","date_gmt":"2018-05-09T20:23:57","guid":{"rendered":"http:\/\/diarioregionaljf.com.br\/?p=99802"},"modified":"2018-05-09T17:23:57","modified_gmt":"2018-05-09T20:23:57","slug":"gratuidade-no-enem-sera-automatica-para-estudante-de-escola-publica","status":"publish","type":"post","link":"https:\/\/diarioregionaldigital.com.br\/?p=99802","title":{"rendered":"Gratuidade no Enem ser\u00e1 autom\u00e1tica para estudante de escola p\u00fablica"},"content":{"rendered":"<p>Os estudantes da \u00faltima s\u00e9rie do ensino m\u00e9dio de escolas da rede p\u00fablica ter\u00e3o gratuidade autom\u00e1tica ao se inscreverem no Exame Nacional do Ensino M\u00e9dio (Enem) deste ano, mesmo os que n\u00e3o tiverem solicitado a isen\u00e7\u00e3o de pagamento da taxa de inscri\u00e7\u00e3o. O Minist\u00e9rio da Educa\u00e7\u00e3o e o Instituto Nacional de Estudos e Pesquisas Educacionais An\u00edsio Teixeira (Inep) decidiram excepcionalmente assegurar a gratuidade para esses candidatos, por causa da mudan\u00e7a de formato do pedido de isen\u00e7\u00e3o, que come\u00e7ou a ser adotada neste ano.<\/p>\n<p>Para esses participantes, n\u00e3o ser\u00e1 gerada uma Guia de Recolhimento da Uni\u00e3o. A guia ser\u00e1 paga apenas pelos candidatos que tiveram a solicita\u00e7\u00e3o de isen\u00e7\u00e3o da taxa reprovada pelo Inep e pelos que n\u00e3o tinham direito \u00e0 isen\u00e7\u00e3o e est\u00e3o acessando o sistema pela primeira vez.<\/p>\n<p>At\u00e9 o ano passado, o pedido de isen\u00e7\u00e3o da taxa de inscri\u00e7\u00e3o no Enem era feito junto com a inscri\u00e7\u00e3o, mas a partir deste ano quem tem direito \u00e0 gratuidade teve que fazer a solicita\u00e7\u00e3o no m\u00eas passado. O per\u00edodo de inscri\u00e7\u00f5es come\u00e7ou na \u00faltima segunda-feira, 7, e vai at\u00e9 as 23h59 do dia 18 de maio.<\/p>\n<p>Todos os interessados em fazer o exame devem se inscrever, mesmo os que j\u00e1 conseguiram a isen\u00e7\u00e3o. O prazo para pagamento da taxa de inscri\u00e7\u00e3o, no valor de R$82, termina em 23 de maio. As provas est\u00e3o marcadas para 4 e 11 de novembro.<\/p>\n<p><strong>Inscri\u00e7\u00f5es<\/strong><\/p>\n<p>At\u00e9 as 10h desta quarta-feira, 9, mais de 2,15 milh\u00f5es de pessoas j\u00e1 tinham feito a inscri\u00e7\u00e3o no Enem. As inscri\u00e7\u00f5es s\u00e3o feitas exclusivamente pela internet, na P\u00e1gina do Participante, dispon\u00edvel no portal do Inep.<\/p>\n<p>Para fazer a inscri\u00e7\u00e3o, o participante deve apresentar o n\u00famero do CPF e o documento de identidade e criar uma senha. O n\u00famero de inscri\u00e7\u00e3o gerado e a senha cadastrada dever\u00e3o ser anotados em local seguro, pois ser\u00e3o solicitados para o acompanhamento da situa\u00e7\u00e3o da inscri\u00e7\u00e3o na P\u00e1gina do Participante. Esses dados tamb\u00e9m ser\u00e3o usados para consulta do Cart\u00e3o de Confirma\u00e7\u00e3o da inscri\u00e7\u00e3o e para a obten\u00e7\u00e3o dos dados individuais dos candidatos.<\/p>\n<p>Na hora da inscri\u00e7\u00e3o, o candidato dever\u00e1 informar um endere\u00e7o de <em>e-mail<\/em> v\u00e1lido e um n\u00famero de telefone fixo ou celular, que ser\u00e3o usados para enviar informa\u00e7\u00f5es sobre o exame. Tamb\u00e9m deve ser indicado o munic\u00edpio onde o candidato quer realizar o exame e o idioma em que quer fazer a prova de l\u00edngua estrangeira (ingl\u00eas ou espanhol).<\/p>\n<p>&nbsp;<\/p>\n<p>Fonte: Ag\u00eancia Brasil<\/p>\n","protected":false},"excerpt":{"rendered":"<p>Os estudantes da \u00faltima s\u00e9rie do ensino m\u00e9dio de escolas da rede p\u00fablica ter\u00e3o gratuidade autom\u00e1tica ao se inscreverem no Exame Nacional do Ensino M\u00e9dio (Enem) deste ano, mesmo os que n\u00e3o tiverem solicitado a isen\u00e7\u00e3o de pagamento da taxa de inscri\u00e7\u00e3o. O Minist\u00e9rio da Educa\u00e7\u00e3o e o Instituto Nacional de Estudos e Pesquisas Educacionais [&hellip;]<\/p>\n","protected":false},"author":96,"featured_media":99568,"comment_status":"closed","ping_status":"closed","sticky":false,"template":"","format":"standard","meta":{"footnotes":""},"categories":[302,440,439],"tags":[624,898,625,884],"class_list":["post-99802","post","type-post","status-publish","format-standard","has-post-thumbnail","hentry","category-brasil-mundo","category-destaques-do-dia","category-ultima-hora","tag-enem","tag-gratuidade","tag-isencao","tag-prova"],"_links":{"self":[{"href":"https:\/\/diarioregionaldigital.com.br\/index.php?rest_route=\/wp\/v2\/posts\/99802","targetHints":{"allow":["GET"]}}],"collection":[{"href":"https:\/\/diarioregionaldigital.com.br\/index.php?rest_route=\/wp\/v2\/posts"}],"about":[{"href":"https:\/\/diarioregionaldigital.com.br\/index.php?rest_route=\/wp\/v2\/types\/post"}],"author":[{"embeddable":true,"href":"https:\/\/diarioregionaldigital.com.br\/index.php?rest_route=\/wp\/v2\/users\/96"}],"replies":[{"embeddable":true,"href":"https:\/\/diarioregionaldigital.com.br\/index.php?rest_route=%2Fwp%2Fv2%2Fcomments&post=99802"}],"version-history":[{"count":0,"href":"https:\/\/diarioregionaldigital.com.br\/index.php?rest_route=\/wp\/v2\/posts\/99802\/revisions"}],"wp:featuredmedia":[{"embeddable":true,"href":"https:\/\/diarioregionaldigital.com.br\/index.php?rest_route=\/wp\/v2\/media\/99568"}],"wp:attachment":[{"href":"https:\/\/diarioregionaldigital.com.br\/index.php?rest_route=%2Fwp%2Fv2%2Fmedia&parent=99802"}],"wp:term":[{"taxonomy":"category","embeddable":true,"href":"https:\/\/diarioregionaldigital.com.br\/index.php?rest_route=%2Fwp%2Fv2%2Fcategories&post=99802"},{"taxonomy":"post_tag","embeddable":true,"href":"https:\/\/diarioregionaldigital.com.br\/index.php?rest_route=%2Fwp%2Fv2%2Ftags&post=99802"}],"curies":[{"name":"wp","href":"https:\/\/api.w.org\/{rel}","templated":true}]}}