{"id":99649,"date":"2018-05-08T17:12:59","date_gmt":"2018-05-08T20:12:59","guid":{"rendered":"http:\/\/diarioregionaljf.com.br\/?p=99649"},"modified":"2018-05-08T17:12:59","modified_gmt":"2018-05-08T20:12:59","slug":"acusado-de-matar-crianca-de-4-anos-em-2015-tem-julgamento-marcado","status":"publish","type":"post","link":"https:\/\/diarioregionaldigital.com.br\/?p=99649","title":{"rendered":"Acusado de matar crian\u00e7a de 4 anos em 2015 tem julgamento marcado"},"content":{"rendered":"<p>Est\u00e1 marcado para o pr\u00f3ximo dia 16 de maio, em Leopoldina, o j\u00fari popular de Jos\u00e9 Carlos da Silva Balbino, vulgo Bolinha, acusado da morte da menina \u00c9rica, de 4 anos. No dia 26 de setembro de 2015, a crian\u00e7a foi encontrada morta com sinais de viol\u00eancia,\u00a0pr\u00f3ximo a um barranco na Rua Dr. Jos\u00e9 de Melo Lima J\u00fanior, no bairro Popular, onde ela residia com a fam\u00edlia. O crime que chocou Leopoldina e regi\u00e3o teve repercuss\u00e3o em todo o estado. O julgamento ocorrer\u00e1 no F\u00f3rum Doutor Jos\u00e9 Gomes Domingues, sob a presid\u00eancia da ju\u00edza Fl\u00e1via de Vasconcellos Ara\u00fajo.<\/p>\n<p>Na manh\u00e3 em que o corpo da menina foi encontrado, as pol\u00edcias Militar e Civil foram acionadas por volta das 07h e compareceram ao local. Uma unidade do SAMU e outra do 4\u00ba Pelot\u00e3o do Corpo de Bombeiros Militar tamb\u00e9m foram mobilizadas. De acordo com o delegado de plant\u00e3o naquele dia,\u00a0M\u00e1rcio Rocha, buscas foram feitas na resid\u00eancia de Bolinha, onde uma bermuda suja de sangue teria sido encontrada e encaminhada para a per\u00edcia. Ap\u00f3s intensa persegui\u00e7\u00e3o que durou quatro dias, ele foi preso\u00a0no dia 29, enquanto caminhava nas imedia\u00e7\u00f5es da estrada velha que faz a liga\u00e7\u00e3o entre Leopoldina e Cataguases. O delegado de Homic\u00eddios da Regional de Leopoldina, Andr\u00e9 Luis Dias Lima, informou naquela ocasi\u00e3o que a pol\u00edcia chegou ao suspeito por meio de den\u00fancias an\u00f4nimas.<\/p>\n<p>Em setembro de 2016, A Pol\u00edcia Civil de Leopoldina e agentes da Central Integrada de Escolta do Sistema Prisional de Minas Gerais (CIESP) e Subsecretaria de Administra\u00e7\u00e3o Prisional (SUAPI), realizaram uma a\u00e7\u00e3o conjunta para que o acusado fosse ouvido durante uma audi\u00eancia de instru\u00e7\u00e3o\u00a0no F\u00f3rum Doutor Jos\u00e9 Gomes Domingues. Ele se encontra preso no Complexo Penitenci\u00e1rio Ribeir\u00e3o das Neves, localizado na regi\u00e3o metropolitana de Belo Horizonte, onde aguarda o julgamento.<\/p>\n<p>&nbsp;<\/p>\n<p>Fonte: O Vigilante Online<\/p>\n","protected":false},"excerpt":{"rendered":"<p>Est\u00e1 marcado para o pr\u00f3ximo dia 16 de maio, em Leopoldina, o j\u00fari popular de Jos\u00e9 Carlos da Silva Balbino, vulgo Bolinha, acusado da morte da menina \u00c9rica, de 4 anos. No dia 26 de setembro de 2015, a crian\u00e7a foi encontrada morta com sinais de viol\u00eancia,\u00a0pr\u00f3ximo a um barranco na Rua Dr. Jos\u00e9 de [&hellip;]<\/p>\n","protected":false},"author":96,"featured_media":99650,"comment_status":"closed","ping_status":"closed","sticky":false,"template":"","format":"standard","meta":{"footnotes":""},"categories":[440,252,439],"tags":[],"class_list":["post-99649","post","type-post","status-publish","format-standard","has-post-thumbnail","hentry","category-destaques-do-dia","category-regiao","category-ultima-hora"],"_links":{"self":[{"href":"https:\/\/diarioregionaldigital.com.br\/index.php?rest_route=\/wp\/v2\/posts\/99649","targetHints":{"allow":["GET"]}}],"collection":[{"href":"https:\/\/diarioregionaldigital.com.br\/index.php?rest_route=\/wp\/v2\/posts"}],"about":[{"href":"https:\/\/diarioregionaldigital.com.br\/index.php?rest_route=\/wp\/v2\/types\/post"}],"author":[{"embeddable":true,"href":"https:\/\/diarioregionaldigital.com.br\/index.php?rest_route=\/wp\/v2\/users\/96"}],"replies":[{"embeddable":true,"href":"https:\/\/diarioregionaldigital.com.br\/index.php?rest_route=%2Fwp%2Fv2%2Fcomments&post=99649"}],"version-history":[{"count":0,"href":"https:\/\/diarioregionaldigital.com.br\/index.php?rest_route=\/wp\/v2\/posts\/99649\/revisions"}],"wp:featuredmedia":[{"embeddable":true,"href":"https:\/\/diarioregionaldigital.com.br\/index.php?rest_route=\/wp\/v2\/media\/99650"}],"wp:attachment":[{"href":"https:\/\/diarioregionaldigital.com.br\/index.php?rest_route=%2Fwp%2Fv2%2Fmedia&parent=99649"}],"wp:term":[{"taxonomy":"category","embeddable":true,"href":"https:\/\/diarioregionaldigital.com.br\/index.php?rest_route=%2Fwp%2Fv2%2Fcategories&post=99649"},{"taxonomy":"post_tag","embeddable":true,"href":"https:\/\/diarioregionaldigital.com.br\/index.php?rest_route=%2Fwp%2Fv2%2Ftags&post=99649"}],"curies":[{"name":"wp","href":"https:\/\/api.w.org\/{rel}","templated":true}]}}