{"id":99614,"date":"2018-05-08T16:00:19","date_gmt":"2018-05-08T19:00:19","guid":{"rendered":"http:\/\/diarioregionaljf.com.br\/?p=99614"},"modified":"2018-05-08T16:00:19","modified_gmt":"2018-05-08T19:00:19","slug":"ministro-do-stf-envia-inquerito-contra-aecio-para-primeira-instancia","status":"publish","type":"post","link":"https:\/\/diarioregionaldigital.com.br\/?p=99614","title":{"rendered":"Ministro do STF envia inqu\u00e9rito contra A\u00e9cio para primeira inst\u00e2ncia"},"content":{"rendered":"<p>O ministro Alexandre de Moraes, do Supremo Tribunal Federal (STF), enviou um dos oito inqu\u00e9ritos contra o senador A\u00e9cio Neves (PSDB-MG) na Corte para a primeira inst\u00e2ncia da Justi\u00e7a de Minas Gerais.<\/p>\n<p>Trata-se da investiga\u00e7\u00e3o sobre desvios nas obras da Cidade Administrativa, sede do governo mineiro. O inqu\u00e9rito foi aberto com base na dela\u00e7\u00e3o premiada de executivos da empresa Odebrecht, que relataram o repasse de R$5,2 milh\u00f5es em propina ao parlamentar. O senador A\u00e9cio Neves ainda \u00e9 alvo de outros sete inqu\u00e9ritos no STF e figura como r\u00e9u em uma a\u00e7\u00e3o penal.<\/p>\n<p>Os crimes de corrup\u00e7\u00e3o teriam ocorrido a partir de 2007, quando A\u00e9cio era governador de Minas. Moraes aplicou a interpreta\u00e7\u00e3o mais restrita do foro privilegiado que foi firmada pelo plen\u00e1rio do STF.<\/p>\n<p>Na semana passada, o plen\u00e1rio da Corte determinou que somente deveriam ser julgados no Supremo casos contra deputados e senadores envolvendo suspeitas de crimes cometidos durante e em rela\u00e7\u00e3o com o mandato.<\/p>\n<p>Quando o caso veio \u00e0 tona, a defesa de A\u00e9cio disse ser \u201cfalsa e absurda\u201d a acusa\u00e7\u00e3o de irregularidades nas obras da Cidade Administrativa e que todas as etapas da obra foram acompanhadas pelos \u00f3rg\u00e3os de fiscaliza\u00e7\u00e3o respons\u00e1veis.<\/p>\n<p>&nbsp;<\/p>\n<p>Fonte: Ag\u00eancia Brasil<\/p>\n","protected":false},"excerpt":{"rendered":"<p>O ministro Alexandre de Moraes, do Supremo Tribunal Federal (STF), enviou um dos oito inqu\u00e9ritos contra o senador A\u00e9cio Neves (PSDB-MG) na Corte para a primeira inst\u00e2ncia da Justi\u00e7a de Minas Gerais. Trata-se da investiga\u00e7\u00e3o sobre desvios nas obras da Cidade Administrativa, sede do governo mineiro. O inqu\u00e9rito foi aberto com base na dela\u00e7\u00e3o premiada [&hellip;]<\/p>\n","protected":false},"author":96,"featured_media":99627,"comment_status":"closed","ping_status":"closed","sticky":false,"template":"","format":"standard","meta":{"footnotes":""},"categories":[254,439],"tags":[454,891,838,455],"class_list":["post-99614","post","type-post","status-publish","format-standard","has-post-thumbnail","hentry","category-politica","category-ultima-hora","tag-aecio-neves","tag-alexandre-de-moraes","tag-foro-privilegiado","tag-stf"],"_links":{"self":[{"href":"https:\/\/diarioregionaldigital.com.br\/index.php?rest_route=\/wp\/v2\/posts\/99614","targetHints":{"allow":["GET"]}}],"collection":[{"href":"https:\/\/diarioregionaldigital.com.br\/index.php?rest_route=\/wp\/v2\/posts"}],"about":[{"href":"https:\/\/diarioregionaldigital.com.br\/index.php?rest_route=\/wp\/v2\/types\/post"}],"author":[{"embeddable":true,"href":"https:\/\/diarioregionaldigital.com.br\/index.php?rest_route=\/wp\/v2\/users\/96"}],"replies":[{"embeddable":true,"href":"https:\/\/diarioregionaldigital.com.br\/index.php?rest_route=%2Fwp%2Fv2%2Fcomments&post=99614"}],"version-history":[{"count":0,"href":"https:\/\/diarioregionaldigital.com.br\/index.php?rest_route=\/wp\/v2\/posts\/99614\/revisions"}],"wp:featuredmedia":[{"embeddable":true,"href":"https:\/\/diarioregionaldigital.com.br\/index.php?rest_route=\/wp\/v2\/media\/99627"}],"wp:attachment":[{"href":"https:\/\/diarioregionaldigital.com.br\/index.php?rest_route=%2Fwp%2Fv2%2Fmedia&parent=99614"}],"wp:term":[{"taxonomy":"category","embeddable":true,"href":"https:\/\/diarioregionaldigital.com.br\/index.php?rest_route=%2Fwp%2Fv2%2Fcategories&post=99614"},{"taxonomy":"post_tag","embeddable":true,"href":"https:\/\/diarioregionaldigital.com.br\/index.php?rest_route=%2Fwp%2Fv2%2Ftags&post=99614"}],"curies":[{"name":"wp","href":"https:\/\/api.w.org\/{rel}","templated":true}]}}