{"id":99608,"date":"2018-05-08T15:29:41","date_gmt":"2018-05-08T18:29:41","guid":{"rendered":"http:\/\/diarioregionaljf.com.br\/?p=99608"},"modified":"2018-05-08T15:29:41","modified_gmt":"2018-05-08T18:29:41","slug":"vacinacao-contra-gripe-ja-beneficiou-23-do-publico-alvo","status":"publish","type":"post","link":"https:\/\/diarioregionaldigital.com.br\/?p=99608","title":{"rendered":"Vacina\u00e7\u00e3o contra gripe j\u00e1 beneficiou 23% do p\u00fablico-alvo"},"content":{"rendered":"<p>O Departamento de Vigil\u00e2ncia Epidemiol\u00f3gica e Ambiental (Dvea), da Secretaria de Sa\u00fade (SS), divulgou o balan\u00e7o parcial da Campanha de Vacina\u00e7\u00e3o Contra a Gripe. Desde o in\u00edcio da campanha, no dia 23 de abril, 30.199 pessoas foram imunizadas na cidade, alcan\u00e7ando cobertura de 23,26% do grupo priorit\u00e1rio.<\/p>\n<p>O p\u00fablico-alvo da campanha \u00e9 formado por crian\u00e7as de seis meses a menores de cinco anos, pu\u00e9rperas (m\u00e3es com beb\u00eas de at\u00e9 45 dias), gestantes, trabalhadores da \u00e1rea de sa\u00fade, idosos, doentes cr\u00f4nicos \u2013 dentro do grupo das comorbidades preconizadas pelo Minist\u00e9rio da Sa\u00fade (MS), e com receita m\u00e9dica \u2013 e professores das redes p\u00fablica e privada.<\/p>\n<p>Das crian\u00e7as dentro da faixa et\u00e1ria prevista, residentes no munic\u00edpio, cerca de 2.449 foram imunizadas, o equivalente a 9,13% do total. Entre os trabalhadores da sa\u00fade, 2.263 compareceram aos pontos de vacina\u00e7\u00e3o, o que equivale a 11,06% de profissionais. Entre as gr\u00e1vidas, 779 receberam a dose da vacina, totalizando 16,60% de cobertura. Entre as pu\u00e9rperas foram vacinadas 167, ou 21,63%. Foram vacinadas 23.795 pessoas com mais de 60 anos, total de 33,28%, e 746 profissionais de educa\u00e7\u00e3o.<\/p>\n<p>A campanha se estender\u00e1 at\u00e9 1\u00ba de junho. O \u201cDia D\u201d, definido pelo Minist\u00e9rio da Sa\u00fade, acontecer\u00e1 neste s\u00e1bado, 12. As vacinas estar\u00e3o dispon\u00edveis nas Unidades B\u00e1sicas de Sa\u00fade (UBS); no Posto de Atendimento M\u00e9dico (PAM) Marechal, t\u00e9rreo; e nos departamentos de Sa\u00fade da Crian\u00e7a e do Adolescente (DCSA) para as crian\u00e7as, localizado na Rua S\u00e3o Sebasti\u00e3o, n\u00b0772, Centro, e do Idoso (DSI) para as pessoas cima de 60 anos, na Rua Batista de Oliveira, n\u00b0 943, Centro, quase esquina com Avenida Itamar Franco.<\/p>\n<p>A vacina ofertada \u00e9 a trivalente, que protege contra os tr\u00eas subtipos do influenza: H1N1, H3N2 e influenza B. Composta por v\u00edrus inativados, ou seja, mortos, \u00e9 bastante segura. A dose \u00e9 contraindicada para pessoas que t\u00eam hist\u00f3rico de rea\u00e7\u00e3o grave a doses anteriores ou alergia grave a ovo de galinha. \u00c9 recomendado adiar a vacina\u00e7\u00e3o por dez dias nos indiv\u00edduos que apresentam doen\u00e7a aguda grave.<\/p>\n<p>Fonte: Assessoria<\/p>\n","protected":false},"excerpt":{"rendered":"<p>O Departamento de Vigil\u00e2ncia Epidemiol\u00f3gica e Ambiental (Dvea), da Secretaria de Sa\u00fade (SS), divulgou o balan\u00e7o parcial da Campanha de Vacina\u00e7\u00e3o Contra a Gripe. Desde o in\u00edcio da campanha, no dia 23 de abril, 30.199 pessoas foram imunizadas na cidade, alcan\u00e7ando cobertura de 23,26% do grupo priorit\u00e1rio. O p\u00fablico-alvo da campanha \u00e9 formado por crian\u00e7as [&hellip;]<\/p>\n","protected":false},"author":96,"featured_media":99609,"comment_status":"closed","ping_status":"closed","sticky":false,"template":"","format":"standard","meta":{"footnotes":""},"categories":[253,440,439],"tags":[607,353,887,495,881],"class_list":["post-99608","post","type-post","status-publish","format-standard","has-post-thumbnail","hentry","category-cidade","category-destaques-do-dia","category-ultima-hora","tag-gripe","tag-pjf","tag-publico-alvo","tag-saude","tag-vacina"],"_links":{"self":[{"href":"https:\/\/diarioregionaldigital.com.br\/index.php?rest_route=\/wp\/v2\/posts\/99608","targetHints":{"allow":["GET"]}}],"collection":[{"href":"https:\/\/diarioregionaldigital.com.br\/index.php?rest_route=\/wp\/v2\/posts"}],"about":[{"href":"https:\/\/diarioregionaldigital.com.br\/index.php?rest_route=\/wp\/v2\/types\/post"}],"author":[{"embeddable":true,"href":"https:\/\/diarioregionaldigital.com.br\/index.php?rest_route=\/wp\/v2\/users\/96"}],"replies":[{"embeddable":true,"href":"https:\/\/diarioregionaldigital.com.br\/index.php?rest_route=%2Fwp%2Fv2%2Fcomments&post=99608"}],"version-history":[{"count":0,"href":"https:\/\/diarioregionaldigital.com.br\/index.php?rest_route=\/wp\/v2\/posts\/99608\/revisions"}],"wp:featuredmedia":[{"embeddable":true,"href":"https:\/\/diarioregionaldigital.com.br\/index.php?rest_route=\/wp\/v2\/media\/99609"}],"wp:attachment":[{"href":"https:\/\/diarioregionaldigital.com.br\/index.php?rest_route=%2Fwp%2Fv2%2Fmedia&parent=99608"}],"wp:term":[{"taxonomy":"category","embeddable":true,"href":"https:\/\/diarioregionaldigital.com.br\/index.php?rest_route=%2Fwp%2Fv2%2Fcategories&post=99608"},{"taxonomy":"post_tag","embeddable":true,"href":"https:\/\/diarioregionaldigital.com.br\/index.php?rest_route=%2Fwp%2Fv2%2Ftags&post=99608"}],"curies":[{"name":"wp","href":"https:\/\/api.w.org\/{rel}","templated":true}]}}