{"id":99377,"date":"2018-05-07T09:18:56","date_gmt":"2018-05-07T12:18:56","guid":{"rendered":"http:\/\/diarioregionaljf.com.br\/?p=99377"},"modified":"2018-05-07T09:18:56","modified_gmt":"2018-05-07T12:18:56","slug":"jovem-flagrado-usando-camisa-com-logo-da-pc-e-preso-por-falsidade-ideologica","status":"publish","type":"post","link":"https:\/\/diarioregionaldigital.com.br\/?p=99377","title":{"rendered":"Jovem flagrado usando camisa com logo da PC \u00e9 preso por falsidade ideol\u00f3gica"},"content":{"rendered":"<p>Um jovem de 20 anos foi preso por falsidade ideol\u00f3gica ap\u00f3s ser flagrado usando uma camisa com o logotipo da Pol\u00edcia Civil (PC) durante um evento no bairro JK, zona Sudeste da cidade, na tarde desse domingo, 6.<\/p>\n<p>Conforme o registro da ocorr\u00eancia, uma equipe da Pol\u00edcia Militar (PM) fazia policiamento em um encontro automobil\u00edstico, no parque de exposi\u00e7\u00f5es, quando se deparou com o autor. Al\u00e9m dos referidos trajes, o jovem portava um r\u00e1dio de comunica\u00e7\u00e3o.<\/p>\n<p>Questionado, o autor alegou estar fazendo curso na Pol\u00edcia Civil, mas n\u00e3o apresentou documentos que comprovassem tal fato. Ele foi preso pelo crime de falsidade ideol\u00f3gica e conduzido \u00e0 presen\u00e7a da autoridade de pol\u00edcia judici\u00e1ria para as demais provid\u00eancias.<\/p>\n","protected":false},"excerpt":{"rendered":"<p>Um jovem de 20 anos foi preso por falsidade ideol\u00f3gica ap\u00f3s ser flagrado usando uma camisa com o logotipo da Pol\u00edcia Civil (PC) durante um evento no bairro JK, zona Sudeste da cidade, na tarde desse domingo, 6. Conforme o registro da ocorr\u00eancia, uma equipe da Pol\u00edcia Militar (PM) fazia policiamento em um encontro automobil\u00edstico, [&hellip;]<\/p>\n","protected":false},"author":96,"featured_media":95836,"comment_status":"closed","ping_status":"closed","sticky":false,"template":"","format":"standard","meta":{"footnotes":""},"categories":[301,439],"tags":[],"class_list":["post-99377","post","type-post","status-publish","format-standard","has-post-thumbnail","hentry","category-artigos-policiais","category-ultima-hora"],"_links":{"self":[{"href":"https:\/\/diarioregionaldigital.com.br\/index.php?rest_route=\/wp\/v2\/posts\/99377","targetHints":{"allow":["GET"]}}],"collection":[{"href":"https:\/\/diarioregionaldigital.com.br\/index.php?rest_route=\/wp\/v2\/posts"}],"about":[{"href":"https:\/\/diarioregionaldigital.com.br\/index.php?rest_route=\/wp\/v2\/types\/post"}],"author":[{"embeddable":true,"href":"https:\/\/diarioregionaldigital.com.br\/index.php?rest_route=\/wp\/v2\/users\/96"}],"replies":[{"embeddable":true,"href":"https:\/\/diarioregionaldigital.com.br\/index.php?rest_route=%2Fwp%2Fv2%2Fcomments&post=99377"}],"version-history":[{"count":0,"href":"https:\/\/diarioregionaldigital.com.br\/index.php?rest_route=\/wp\/v2\/posts\/99377\/revisions"}],"wp:featuredmedia":[{"embeddable":true,"href":"https:\/\/diarioregionaldigital.com.br\/index.php?rest_route=\/wp\/v2\/media\/95836"}],"wp:attachment":[{"href":"https:\/\/diarioregionaldigital.com.br\/index.php?rest_route=%2Fwp%2Fv2%2Fmedia&parent=99377"}],"wp:term":[{"taxonomy":"category","embeddable":true,"href":"https:\/\/diarioregionaldigital.com.br\/index.php?rest_route=%2Fwp%2Fv2%2Fcategories&post=99377"},{"taxonomy":"post_tag","embeddable":true,"href":"https:\/\/diarioregionaldigital.com.br\/index.php?rest_route=%2Fwp%2Fv2%2Ftags&post=99377"}],"curies":[{"name":"wp","href":"https:\/\/api.w.org\/{rel}","templated":true}]}}