{"id":99375,"date":"2018-05-07T09:17:06","date_gmt":"2018-05-07T12:17:06","guid":{"rendered":"http:\/\/diarioregionaljf.com.br\/?p=99375"},"modified":"2018-05-07T09:17:06","modified_gmt":"2018-05-07T12:17:06","slug":"familia-confirma-morte-de-estudante-no-rio","status":"publish","type":"post","link":"https:\/\/diarioregionaldigital.com.br\/?p=99375","title":{"rendered":"Fam\u00edlia confirma morte de estudante no Rio"},"content":{"rendered":"<p>A fam\u00edlia de Matheus Passareli Sim\u00f5es Vieira, conhecida como Matheusa, confirmou nesta segunda-feira, 7, que a estudante da Uerj (Universidade do Estado do Rio de Janeiro), que estava desaparecida h\u00e1 uma semana, est\u00e1 morta.<\/p>\n<p>Segundo a irm\u00e3 Gabe Passareli, em seu perfil numa rede social, a Delegacia de Descoberta de Paradeiros (DDPA) da Pol\u00edcia Civil constatou que Matheusa foi executada em uma favela da zona norte do Rio.<\/p>\n<p>Matheusa havia se deslocado at\u00e9 o bairro do Encantado para fazer tatuagens em uma festa. De acordo com a irm\u00e3, ela desapareceu depois de sair do evento.<\/p>\n<p>\u201cSobre seu corpo, tamb\u00e9m segundo informa\u00e7\u00f5es colhidas pela DDPA, ele foi queimado e poucas s\u00e3o as possibilidades de encontrarmos alguma materialidade, al\u00e9m das milhares que a Matheusa deixou em vida e que muito servir\u00e3o para que possamos ressignificar a realidade brutal que estamos vivendo\u201d, disse a irm\u00e3 na rede social.<\/p>\n<p>Fonte: Ag\u00eancia Brasil<\/p>\n","protected":false},"excerpt":{"rendered":"<p>A fam\u00edlia de Matheus Passareli Sim\u00f5es Vieira, conhecida como Matheusa, confirmou nesta segunda-feira, 7, que a estudante da Uerj (Universidade do Estado do Rio de Janeiro), que estava desaparecida h\u00e1 uma semana, est\u00e1 morta. Segundo a irm\u00e3 Gabe Passareli, em seu perfil numa rede social, a Delegacia de Descoberta de Paradeiros (DDPA) da Pol\u00edcia Civil [&hellip;]<\/p>\n","protected":false},"author":96,"featured_media":97709,"comment_status":"closed","ping_status":"closed","sticky":false,"template":"","format":"standard","meta":{"footnotes":""},"categories":[302,439],"tags":[],"class_list":["post-99375","post","type-post","status-publish","format-standard","has-post-thumbnail","hentry","category-brasil-mundo","category-ultima-hora"],"_links":{"self":[{"href":"https:\/\/diarioregionaldigital.com.br\/index.php?rest_route=\/wp\/v2\/posts\/99375","targetHints":{"allow":["GET"]}}],"collection":[{"href":"https:\/\/diarioregionaldigital.com.br\/index.php?rest_route=\/wp\/v2\/posts"}],"about":[{"href":"https:\/\/diarioregionaldigital.com.br\/index.php?rest_route=\/wp\/v2\/types\/post"}],"author":[{"embeddable":true,"href":"https:\/\/diarioregionaldigital.com.br\/index.php?rest_route=\/wp\/v2\/users\/96"}],"replies":[{"embeddable":true,"href":"https:\/\/diarioregionaldigital.com.br\/index.php?rest_route=%2Fwp%2Fv2%2Fcomments&post=99375"}],"version-history":[{"count":0,"href":"https:\/\/diarioregionaldigital.com.br\/index.php?rest_route=\/wp\/v2\/posts\/99375\/revisions"}],"wp:featuredmedia":[{"embeddable":true,"href":"https:\/\/diarioregionaldigital.com.br\/index.php?rest_route=\/wp\/v2\/media\/97709"}],"wp:attachment":[{"href":"https:\/\/diarioregionaldigital.com.br\/index.php?rest_route=%2Fwp%2Fv2%2Fmedia&parent=99375"}],"wp:term":[{"taxonomy":"category","embeddable":true,"href":"https:\/\/diarioregionaldigital.com.br\/index.php?rest_route=%2Fwp%2Fv2%2Fcategories&post=99375"},{"taxonomy":"post_tag","embeddable":true,"href":"https:\/\/diarioregionaldigital.com.br\/index.php?rest_route=%2Fwp%2Fv2%2Ftags&post=99375"}],"curies":[{"name":"wp","href":"https:\/\/api.w.org\/{rel}","templated":true}]}}