{"id":99368,"date":"2018-05-07T09:05:16","date_gmt":"2018-05-07T12:05:16","guid":{"rendered":"http:\/\/diarioregionaljf.com.br\/?p=99368"},"modified":"2018-05-07T09:05:16","modified_gmt":"2018-05-07T12:05:16","slug":"abordagem-da-pm-resulta-na-apreensao-de-drogas-em-leopoldina","status":"publish","type":"post","link":"https:\/\/diarioregionaldigital.com.br\/?p=99368","title":{"rendered":"Abordagem da PM resulta na apreens\u00e3o de drogas em Leopoldina"},"content":{"rendered":"<p>A Pol\u00edcia Militar (PM) apreendeu sete pinos de coca\u00edna, 38 pedras de crack e uma bucha de maconha no Bairro Bela Vista, em Leopoldina (a cerca de 96Km de Juiz de Fora), na noite deste domingo, 6. Um homem de 35 anos, que j\u00e1 cumpriu pena por tr\u00e1fico de drogas, foi preso em flagrante.<\/p>\n<p>Segundo as informa\u00e7\u00f5es da PM, a abordagem ocorreu durante batida policial na Rua Professor Em\u00edlio Ramos Pinto. A dilig\u00eancia dos policiais militares culminou com a localiza\u00e7\u00e3o das drogas nos bolsos da bermuda do indiv\u00edduo, que foi preso em flagrante. Com o homem tamb\u00e9m foi apreendida a quantia de R$271,90 em dinheiro. Ele contou que comercializaria os entorpecentes ap\u00f3s consegu\u00ed-los na cidade de Recreio.<\/p>\n<p>O homem foi encaminhado para a Delegacia de Pol\u00edcia Civil de Leopoldina juntamente com as drogas e o dinheiro apreendido.<\/p>\n<p>&nbsp;<\/p>\n<p>Fonte: O Vigilante Online<\/p>\n","protected":false},"excerpt":{"rendered":"<p>A Pol\u00edcia Militar (PM) apreendeu sete pinos de coca\u00edna, 38 pedras de crack e uma bucha de maconha no Bairro Bela Vista, em Leopoldina (a cerca de 96Km de Juiz de Fora), na noite deste domingo, 6. Um homem de 35 anos, que j\u00e1 cumpriu pena por tr\u00e1fico de drogas, foi preso em flagrante. Segundo [&hellip;]<\/p>\n","protected":false},"author":96,"featured_media":99369,"comment_status":"closed","ping_status":"closed","sticky":false,"template":"","format":"standard","meta":{"footnotes":""},"categories":[252,439],"tags":[],"class_list":["post-99368","post","type-post","status-publish","format-standard","has-post-thumbnail","hentry","category-regiao","category-ultima-hora"],"_links":{"self":[{"href":"https:\/\/diarioregionaldigital.com.br\/index.php?rest_route=\/wp\/v2\/posts\/99368","targetHints":{"allow":["GET"]}}],"collection":[{"href":"https:\/\/diarioregionaldigital.com.br\/index.php?rest_route=\/wp\/v2\/posts"}],"about":[{"href":"https:\/\/diarioregionaldigital.com.br\/index.php?rest_route=\/wp\/v2\/types\/post"}],"author":[{"embeddable":true,"href":"https:\/\/diarioregionaldigital.com.br\/index.php?rest_route=\/wp\/v2\/users\/96"}],"replies":[{"embeddable":true,"href":"https:\/\/diarioregionaldigital.com.br\/index.php?rest_route=%2Fwp%2Fv2%2Fcomments&post=99368"}],"version-history":[{"count":0,"href":"https:\/\/diarioregionaldigital.com.br\/index.php?rest_route=\/wp\/v2\/posts\/99368\/revisions"}],"wp:featuredmedia":[{"embeddable":true,"href":"https:\/\/diarioregionaldigital.com.br\/index.php?rest_route=\/wp\/v2\/media\/99369"}],"wp:attachment":[{"href":"https:\/\/diarioregionaldigital.com.br\/index.php?rest_route=%2Fwp%2Fv2%2Fmedia&parent=99368"}],"wp:term":[{"taxonomy":"category","embeddable":true,"href":"https:\/\/diarioregionaldigital.com.br\/index.php?rest_route=%2Fwp%2Fv2%2Fcategories&post=99368"},{"taxonomy":"post_tag","embeddable":true,"href":"https:\/\/diarioregionaldigital.com.br\/index.php?rest_route=%2Fwp%2Fv2%2Ftags&post=99368"}],"curies":[{"name":"wp","href":"https:\/\/api.w.org\/{rel}","templated":true}]}}