{"id":99358,"date":"2018-05-07T08:53:45","date_gmt":"2018-05-07T11:53:45","guid":{"rendered":"http:\/\/diarioregionaljf.com.br\/?p=99358"},"modified":"2018-05-07T08:53:45","modified_gmt":"2018-05-07T11:53:45","slug":"michel-temer-libera-mais-de-r-4-bilhoes-para-estados-e-municipios","status":"publish","type":"post","link":"https:\/\/diarioregionaldigital.com.br\/?p=99358","title":{"rendered":"Michel Temer libera mais de R$ 4 bilh\u00f5es para estados e munic\u00edpios"},"content":{"rendered":"<p>O presidente Michel Temer anunciou, nesse domingo, 6, por meio de sua conta oficial no Twitter, que assinou a libera\u00e7\u00e3o de cr\u00e9dito suplementar no valor de R$ 4 bilh\u00f5es para estados e munic\u00edpios. Os recursos s\u00e3o resultado das compensa\u00e7\u00f5es financeiras pela produ\u00e7\u00e3o de petr\u00f3leo e g\u00e1s natural. &#8220;Estes recursos ir\u00e3o beneficiar a popula\u00e7\u00e3o brasileira&#8221;, destacou Temer, em seu comunicado.<\/p>\n<p>Segundo o Pal\u00e1cio do Planalto, a san\u00e7\u00e3o do projeto de lei ser\u00e1 publicada na edi\u00e7\u00e3o dessa segunda-feira do\u00a0<em>Di\u00e1rio Oficial da Uni\u00e3o<\/em>.<\/p>\n<p>O cr\u00e9dito suplementar havia sido aprovado no \u00faltimo dia 25, pelo Congresso Nacional, e prev\u00ea, al\u00e9m da compensa\u00e7\u00e3o financeira decorrente da explora\u00e7\u00e3o de petr\u00f3leo e g\u00e1s, no valor de R$ 4,3 bilh\u00f5es, a compensa\u00e7\u00e3o pela utiliza\u00e7\u00e3o de recursos h\u00eddricos na gera\u00e7\u00e3o de energia el\u00e9trica, no valor de R$ 6,7 milh\u00f5es, e devolu\u00e7\u00e3o de R$ 18,3 bilh\u00f5es de Imposto Territorial Rural. Os recursos a serem repassados s\u00e3o oriundos de excesso de arrecada\u00e7\u00e3o de impostos pela Uni\u00e3o. Na justificativa do projeto de lei, o governo havia assegurado que as transfer\u00eancias n\u00e3o afetam o alcance da meta fiscal prevista para este ano, que projeta um d\u00e9ficit prim\u00e1rio de R$ 159 bilh\u00f5es.<\/p>\n<p>Fonte: Ag\u00eancia Brasil<\/p>\n","protected":false},"excerpt":{"rendered":"<p>O presidente Michel Temer anunciou, nesse domingo, 6, por meio de sua conta oficial no Twitter, que assinou a libera\u00e7\u00e3o de cr\u00e9dito suplementar no valor de R$ 4 bilh\u00f5es para estados e munic\u00edpios. Os recursos s\u00e3o resultado das compensa\u00e7\u00f5es financeiras pela produ\u00e7\u00e3o de petr\u00f3leo e g\u00e1s natural. &#8220;Estes recursos ir\u00e3o beneficiar a popula\u00e7\u00e3o brasileira&#8221;, destacou [&hellip;]<\/p>\n","protected":false},"author":96,"featured_media":99359,"comment_status":"closed","ping_status":"closed","sticky":false,"template":"","format":"standard","meta":{"footnotes":""},"categories":[254,439],"tags":[],"class_list":["post-99358","post","type-post","status-publish","format-standard","has-post-thumbnail","hentry","category-politica","category-ultima-hora"],"_links":{"self":[{"href":"https:\/\/diarioregionaldigital.com.br\/index.php?rest_route=\/wp\/v2\/posts\/99358","targetHints":{"allow":["GET"]}}],"collection":[{"href":"https:\/\/diarioregionaldigital.com.br\/index.php?rest_route=\/wp\/v2\/posts"}],"about":[{"href":"https:\/\/diarioregionaldigital.com.br\/index.php?rest_route=\/wp\/v2\/types\/post"}],"author":[{"embeddable":true,"href":"https:\/\/diarioregionaldigital.com.br\/index.php?rest_route=\/wp\/v2\/users\/96"}],"replies":[{"embeddable":true,"href":"https:\/\/diarioregionaldigital.com.br\/index.php?rest_route=%2Fwp%2Fv2%2Fcomments&post=99358"}],"version-history":[{"count":0,"href":"https:\/\/diarioregionaldigital.com.br\/index.php?rest_route=\/wp\/v2\/posts\/99358\/revisions"}],"wp:featuredmedia":[{"embeddable":true,"href":"https:\/\/diarioregionaldigital.com.br\/index.php?rest_route=\/wp\/v2\/media\/99359"}],"wp:attachment":[{"href":"https:\/\/diarioregionaldigital.com.br\/index.php?rest_route=%2Fwp%2Fv2%2Fmedia&parent=99358"}],"wp:term":[{"taxonomy":"category","embeddable":true,"href":"https:\/\/diarioregionaldigital.com.br\/index.php?rest_route=%2Fwp%2Fv2%2Fcategories&post=99358"},{"taxonomy":"post_tag","embeddable":true,"href":"https:\/\/diarioregionaldigital.com.br\/index.php?rest_route=%2Fwp%2Fv2%2Ftags&post=99358"}],"curies":[{"name":"wp","href":"https:\/\/api.w.org\/{rel}","templated":true}]}}