{"id":99357,"date":"2018-05-07T08:56:08","date_gmt":"2018-05-07T11:56:08","guid":{"rendered":"http:\/\/diarioregionaljf.com.br\/?p=99357"},"modified":"2018-05-07T08:56:08","modified_gmt":"2018-05-07T11:56:08","slug":"plenario-da-camara-pode-votar-mp-que-permite-venda-direta-do-petroleo-do-pre-sal","status":"publish","type":"post","link":"https:\/\/diarioregionaldigital.com.br\/?p=99357","title":{"rendered":"Plen\u00e1rio da C\u00e2mara pode votar MP que permite venda direta do petr\u00f3leo do pr\u00e9-sal"},"content":{"rendered":"<p>O Plen\u00e1rio da C\u00e2mara dos Deputados poder\u00e1 votar, na pr\u00f3xima ter\u00e7a-feira, 8, a medida provis\u00f3ria que muda regras para a venda do petr\u00f3leo da Uni\u00e3o obtido nos contratos de partilha. A mat\u00e9ria j\u00e1 estava na pauta, mas uma sess\u00e3o do Congresso no \u00faltimo dia 2 dificultou o avan\u00e7o das vota\u00e7\u00f5es na C\u00e2mara.<\/p>\n<p>A MP\u00a0<a href=\"http:\/\/www2.camara.leg.br\/camaranoticias\/noticias\/ECONOMIA\/556449-COMISSAO-MISTA-APROVA-MP-QUE-PERMITE-VENDA-DIRETA-DO-PETROLEO-POR-ESTATAL-DO-PRE-SAL.html\">811\/17<\/a>\u00a0permite \u00e0 Pr\u00e9-Sal Petr\u00f3leo S\/A (PPSA) realizar diretamente a comercializa\u00e7\u00e3o da parte de \u00f3leo devida \u00e0 Uni\u00e3o na explora\u00e7\u00e3o de campos da bacia do pr\u00e9-sal com base no regime de partilha, vigente desde 2010.<\/p>\n<p>Antes da medida, a lei de cria\u00e7\u00e3o da PPSA (<a href=\"http:\/\/www2.camara.leg.br\/legin\/fed\/lei\/2010\/lei-12304-2-agosto-2010-607595-norma-pl.html\">12.304\/10<\/a>) permitia apenas a contrata\u00e7\u00e3o de agentes de comercializa\u00e7\u00e3o para vender o petr\u00f3leo da Uni\u00e3o.<\/p>\n<p>A novidade no projeto de lei de convers\u00e3o do senador Fernando Bezerra Coelho (PMDB-PE) \u00e9 que, para os futuros leil\u00f5es, a Uni\u00e3o poder\u00e1 optar por receber o valor em dinheiro equivalente \u00e0 quantidade em \u00f3leo que lhe cabe. No caso dos contratos em andamento, o Minist\u00e9rio de Minas e Energia poder\u00e1 propor um aditivo com a mudan\u00e7a.<\/p>\n<p>Em ambas as situa\u00e7\u00f5es, o pre\u00e7o do barril do petr\u00f3leo ser\u00e1 o pre\u00e7o de refer\u00eancia estabelecido pela Ag\u00eancia Nacional do Petr\u00f3leo, G\u00e1s Natural e Biocombust\u00edveis (ANP) para a data de produ\u00e7\u00e3o. No caso do g\u00e1s, o pre\u00e7o poder\u00e1 ser diferente se for comprovada vantagem.<\/p>\n<p>&nbsp;<\/p>\n<p><span style=\"font-size: 12pt;\"><strong>PESQUISA E DESENVOLVIMENTO<\/strong><\/span><\/p>\n<p>O primeiro item da sess\u00e3o, entretanto, \u00e9 a Medida Provis\u00f3ria\u00a0<a href=\"http:\/\/www2.camara.leg.br\/camaranoticias\/noticias\/CIENCIA-E-TECNOLOGIA\/555693-COMISSAO-APROVA-MP-QUE-AUMENTA-PRAZO-PARA-EMPRESAS-DE-TECNOLOGIA-REINVESTIREM-EM-PESQUISA-E-INOVACAO.html\">810\/17<\/a>, que concede mais prazo para empresas de tecnologias da informa\u00e7\u00e3o e da comunica\u00e7\u00e3o investirem recursos vinculados \u00e0 isen\u00e7\u00e3o de tributos em atividades de pesquisa e desenvolvimento.<\/p>\n<p>As mudan\u00e7as ocorrem nas leis\u00a0<a href=\"http:\/\/www2.camara.leg.br\/legin\/fed\/lei\/1991\/lei-8248-23-outubro-1991-367204-norma-pl.html\">8.248\/91<\/a>\u00a0e\u00a0<a href=\"http:\/\/www2.camara.leg.br\/legin\/fed\/lei\/1991\/lei-8387-30-dezembro-1991-365181-norma-pl.html\">8.387\/91<\/a>. A primeira refere-se ao Brasil todo e a segunda especificamente \u00e0 Zona Franca de Manaus (ZFM). Segundo a legisla\u00e7\u00e3o, as empresas precisam entregar ao governo, anualmente, demonstrativos detalhando a aplica\u00e7\u00e3o de um m\u00ednimo de 5% de seu faturamento bruto em pesquisa e desenvolvimento do setor.<\/p>\n<p>O projeto de lei de convers\u00e3o do deputado Thiago Peixoto (PSD-GO) prev\u00ea a concess\u00e3o dos benef\u00edcios somente com a comprova\u00e7\u00e3o, pelas empresas, da regularidade de suas contribui\u00e7\u00f5es para o sistema de seguridade social.<\/p>\n<p>&nbsp;<\/p>\n<p><span style=\"font-size: 12pt;\"><strong>CARGOS PARA SEGURAN\u00c7A P\u00daBLICA<\/strong><\/span><\/p>\n<p>Tamb\u00e9m para a ter\u00e7a-feira, \u00e0s 15h, est\u00e1 marcada sess\u00e3o do Congresso Nacional para analisar dois projetos de lei (PLN) e um projeto de resolu\u00e7\u00e3o.<br \/>\nDentre estes, destaca-se o PLN 6\/18, que cria 231 cargos e fun\u00e7\u00f5es, dos quais 67 para a composi\u00e7\u00e3o de um gabinete para as atividades da interven\u00e7\u00e3o federal no Rio de Janeiro, cuja estrutura permanecer\u00e1 em vigor at\u00e9 30 de abril de 2019.<\/p>\n<p>Os outros 164 cargos servir\u00e3o para atividades de dire\u00e7\u00e3o e assessoramento na \u00e1rea de seguran\u00e7a p\u00fablica e para atender a outras demandas consideradas priorit\u00e1rias pelo Poder Executivo federal. O impacto or\u00e7ament\u00e1rio da mudan\u00e7a ser\u00e1 de R$20,9 milh\u00f5es em 2018 e de R$23,2 milh\u00f5es em 2019. Os recursos vir\u00e3o da extin\u00e7\u00e3o de cargos do Instituto de Patrim\u00f4nio Hist\u00f3rico e Art\u00edstico Nacional (Iphan).<\/p>\n<p>&nbsp;<\/p>\n<p><span style=\"font-size: 12pt;\"><strong>PIS\/PASEP<\/strong><\/span><br \/>\nNa sess\u00e3o ordin\u00e1ria marcada para a quarta-feira, 9, os deputados podem debater outras cinco MPs.<\/p>\n<p>A Medida Provis\u00f3ria\u00a0<a href=\"http:\/\/www2.camara.leg.br\/camaranoticias\/noticias\/ECONOMIA\/555788-COMISSAO-APROVA-MP-QUE-PERMITE-SAQUE-DO-PISPASEP-AOS-60-ANOS.html\">813\/17<\/a>\u00a0diminui de 70 para 60 anos a idade a partir da qual o trabalhador poder\u00e1 sacar recursos de conta individual depositados em seu nome junto ao PIS ou ao Pasep no per\u00edodo anterior a 1988.<\/p>\n<p>Esses fundos eram alimentados com dep\u00f3sitos obrigat\u00f3rios dos empregadores em contas individuais dos trabalhadores e servidores. At\u00e9 4 de outubro de 1988, data de promulga\u00e7\u00e3o da Constitui\u00e7\u00e3o federal, os fundos distribu\u00edam os valores aos empregados na forma de quotas proporcionais ao sal\u00e1rio e ao tempo de servi\u00e7o.<\/p>\n<p>A partir da Constitui\u00e7\u00e3o, entretanto, os saques de contas individuais passaram a ser proibidos e os dep\u00f3sitos passaram a ser destinados ao Fundo de Amparo ao Trabalhador (FAT) para o custeio do Programa do Seguro-Desemprego, pagamento do Abono Salarial e financiamento de programas de desenvolvimento econ\u00f4mico pelo Banco Nacional de Desenvolvimento Econ\u00f4mico e Social (BNDES)<\/p>\n<p>&nbsp;<\/p>\n<p><span style=\"font-size: 12pt;\"><strong>ESTADOS E MUNIC\u00cdPIOS<\/strong><\/span><\/p>\n<p>Com a Medida Provis\u00f3ria\u00a0<a href=\"http:\/\/www2.camara.leg.br\/camaranoticias\/noticias\/ADMINISTRACAO-PUBLICA\/554783-COMISSAO-MISTA-APROVA-MP-QUE-AUTORIZA-REPASSE-DE-R$-2-BILHOES-AOS-MUNICIPIOS.html\">815\/17<\/a>\u00a0a Uni\u00e3o foi autorizada a repassar aos munic\u00edpios o total de R$2 bilh\u00f5es a t\u00edtulo de ajuda emergencial, j\u00e1 viabilizada com a aprova\u00e7\u00e3o, pelo Congresso Nacional, da Lei\u00a0<a href=\"http:\/\/www2.camara.leg.br\/legin\/fed\/lei\/2018\/lei-13633-12-marco-2018-786241-norma-pl.html\">13.633\/18<\/a>.<\/p>\n<p>Do total de recursos, R$600 milh\u00f5es ir\u00e3o para o Minist\u00e9rio da Educa\u00e7\u00e3o, R$1 bilh\u00e3o para o Minist\u00e9rio da Sa\u00fade e R$400 milh\u00f5es para o Minist\u00e9rio do Desenvolvimento Social. A ideia \u00e9 aplicar em servi\u00e7os p\u00fablicos b\u00e1sicos nos munic\u00edpios e projetos de investimento feitos em parceria com a Uni\u00e3o.<\/p>\n<p>Tr\u00eas cargos em comiss\u00e3o s\u00e3o criados pela Medida Provis\u00f3ria\u00a0<a href=\"http:\/\/www2.camara.leg.br\/camaranoticias\/noticias\/ADMINISTRACAO-PUBLICA\/554554-COMISSAO-APROVA-MP-QUE-CRIA-CARGOS-PARA-APOIAR-A-RECUPERACAO-FISCAL-DOS-ESTADOS.html\">816\/17<\/a>\u00a0para compor os conselhos de supervis\u00e3o dos regimes de recupera\u00e7\u00e3o fiscal. A Lei Complementar\u00a0<a href=\"http:\/\/www2.camara.leg.br\/legin\/fed\/leicom\/2017\/leicomplementar-159-19-maio-2017-784891-norma-pl.html\">159\/17<\/a>\u00a0instituiu o Regime de Recupera\u00e7\u00e3o Fiscal para os estados e o Distrito Federal, destinado a conceder ajuda aos governos endividados em troca de contrapartidas, tais como privatiza\u00e7\u00f5es, restri\u00e7\u00f5es ao aumento de despesas cont\u00ednuas, congelamento de sal\u00e1rios do servi\u00e7o p\u00fablico, redu\u00e7\u00e3o de incentivos tribut\u00e1rios e negocia\u00e7\u00f5es com credores.<\/p>\n<p>&nbsp;<\/p>\n<p><span style=\"font-size: 12pt;\"><strong>PALESTINA<\/strong><\/span><br \/>\nNa pauta consta ainda a Medida Provis\u00f3ria\u00a0<a href=\"http:\/\/www2.camara.leg.br\/camaranoticias\/noticias\/ADMINISTRACAO-PUBLICA\/555710-MP-QUE-REGULAMENTA-SITUACAO-DE-EX-SERVIDORES-DOS-TERRITORIOS-E-APROVADA-EM-COMISSAO.html\">817\/17<\/a>, que disciplina a transposi\u00e7\u00e3o aos quadros em extin\u00e7\u00e3o da Uni\u00e3o de servidores, empregados e pessoas cujo v\u00ednculo com os ex-territ\u00f3rios possa ser comprovado.<br \/>\nO texto regulamenta as Emendas Constitucionais 19, 60 e 98 e incorpora o texto de outras leis, revogadas pela MP. S\u00e3o beneficiados servidores ativos ou n\u00e3o dos estados de Amap\u00e1, Rond\u00f4nia e Roraima.<\/p>\n<p>A \u00faltima MP pautada \u00e9 a\u00a0<a href=\"http:\/\/www2.camara.leg.br\/camaranoticias\/noticias\/RELACOES-EXTERIORES\/555737-COMISSAO-MISTA-APROVA-MP-QUE-DOA-R$-792-MIL-PARA-IGREJA-NA-PALESTINA.html\">819\/18<\/a>, que autoriza a Uni\u00e3o a doar cerca de R$792 mil (US$252,3 mil pelo c\u00e2mbio de 25 de janeiro, data de edi\u00e7\u00e3o da MP) para a restaura\u00e7\u00e3o da Bas\u00edlica da Natividade, na cidade de Bel\u00e9m, no\u00a0Estado da Palestina.<\/p>\n<p>De acordo com o governo, a restaura\u00e7\u00e3o \u00e9 um projeto organizado pelo governo palestino e pelas tr\u00eas igrejas que administram a bas\u00edlica (cat\u00f3lica, ortodoxa grega e arm\u00eania), com apoio da Organiza\u00e7\u00e3o das Na\u00e7\u00f5es Unidas para a Educa\u00e7\u00e3o, a Ci\u00eancia e a Cultura (Unesco) e de v\u00e1rios pa\u00edses.<\/p>\n<p>&nbsp;<\/p>\n<p><span style=\"font-size: 12pt;\"><strong>CADASTRO POSITIVO<\/strong><\/span><\/p>\n<p>Tanto na ter\u00e7a-feira quanto na quarta-feira, a C\u00e2mara pode votar o projeto de lei que torna obrigat\u00f3ria a participa\u00e7\u00e3o de todos os consumidores no cadastro positivo (PLP\u00a0<a href=\"http:\/\/www2.camara.leg.br\/camaranoticias\/noticias\/CONSUMIDOR\/553200-PROJETO-AMPLIA-INGRESSO-DE-CONSUMIDORES-NO-CADASTRO-POSITIVO.html\">441\/17<\/a>, do Senado).<\/p>\n<p>O cadastro positivo j\u00e1 existe (Lei\u00a0<a href=\"http:\/\/www2.camara.leg.br\/legin\/fed\/lei\/2011\/lei-12414-9-junho-2011-610758-norma-pl.html\">12.414\/11<\/a>), mas \u00e9 optativo. Com a obrigatoriedade proposta pelo projeto, os gestores de bancos de dados ter\u00e3o acesso a todas as informa\u00e7\u00f5es sobre empr\u00e9stimos quitados e obriga\u00e7\u00f5es de pagamento que est\u00e3o em dia.<\/p>\n<p>Segundo o substitutivo do relator, deputado Walter Ihoshi (PSD-SP), os dados ser\u00e3o usados para se encontrar uma nota de cr\u00e9dito do consumidor, que poder\u00e1 ser consultada por interessados. Os defensores da obrigatoriedade de participa\u00e7\u00e3o argumentam que a medida ajudar\u00e1 a baixar os juros finais aos consumidores. J\u00e1 os contr\u00e1rios dizem que o acesso aos dados aumentar\u00e1 a chance de vazamento de informa\u00e7\u00f5es, caracterizando quebra de sigilo.<\/p>\n<p>&nbsp;<\/p>\n<p>Fonte: Ag\u00eancia C\u00e2mara Not\u00edcias<\/p>\n","protected":false},"excerpt":{"rendered":"<p>O Plen\u00e1rio da C\u00e2mara dos Deputados poder\u00e1 votar, na pr\u00f3xima ter\u00e7a-feira, 8, a medida provis\u00f3ria que muda regras para a venda do petr\u00f3leo da Uni\u00e3o obtido nos contratos de partilha. A mat\u00e9ria j\u00e1 estava na pauta, mas uma sess\u00e3o do Congresso no \u00faltimo dia 2 dificultou o avan\u00e7o das vota\u00e7\u00f5es na C\u00e2mara. A MP\u00a0811\/17\u00a0permite \u00e0 [&hellip;]<\/p>\n","protected":false},"author":96,"featured_media":99363,"comment_status":"closed","ping_status":"closed","sticky":false,"template":"","format":"standard","meta":{"footnotes":""},"categories":[436,254],"tags":[],"class_list":["post-99357","post","type-post","status-publish","format-standard","has-post-thumbnail","hentry","category-destaque-da-semana","category-politica"],"_links":{"self":[{"href":"https:\/\/diarioregionaldigital.com.br\/index.php?rest_route=\/wp\/v2\/posts\/99357","targetHints":{"allow":["GET"]}}],"collection":[{"href":"https:\/\/diarioregionaldigital.com.br\/index.php?rest_route=\/wp\/v2\/posts"}],"about":[{"href":"https:\/\/diarioregionaldigital.com.br\/index.php?rest_route=\/wp\/v2\/types\/post"}],"author":[{"embeddable":true,"href":"https:\/\/diarioregionaldigital.com.br\/index.php?rest_route=\/wp\/v2\/users\/96"}],"replies":[{"embeddable":true,"href":"https:\/\/diarioregionaldigital.com.br\/index.php?rest_route=%2Fwp%2Fv2%2Fcomments&post=99357"}],"version-history":[{"count":0,"href":"https:\/\/diarioregionaldigital.com.br\/index.php?rest_route=\/wp\/v2\/posts\/99357\/revisions"}],"wp:featuredmedia":[{"embeddable":true,"href":"https:\/\/diarioregionaldigital.com.br\/index.php?rest_route=\/wp\/v2\/media\/99363"}],"wp:attachment":[{"href":"https:\/\/diarioregionaldigital.com.br\/index.php?rest_route=%2Fwp%2Fv2%2Fmedia&parent=99357"}],"wp:term":[{"taxonomy":"category","embeddable":true,"href":"https:\/\/diarioregionaldigital.com.br\/index.php?rest_route=%2Fwp%2Fv2%2Fcategories&post=99357"},{"taxonomy":"post_tag","embeddable":true,"href":"https:\/\/diarioregionaldigital.com.br\/index.php?rest_route=%2Fwp%2Fv2%2Ftags&post=99357"}],"curies":[{"name":"wp","href":"https:\/\/api.w.org\/{rel}","templated":true}]}}