{"id":99327,"date":"2018-05-05T13:56:42","date_gmt":"2018-05-05T16:56:42","guid":{"rendered":"http:\/\/diarioregionaljf.com.br\/?p=99327"},"modified":"2018-05-05T13:56:42","modified_gmt":"2018-05-05T16:56:42","slug":"placa-de-carro-leva-pm-a-autor-de-roubo","status":"publish","type":"post","link":"https:\/\/diarioregionaldigital.com.br\/?p=99327","title":{"rendered":"Placa de carro leva PM a autor de roubo"},"content":{"rendered":"<p>A Pol\u00edcia Militar (PM) usou informa\u00e7\u00f5es da placa de um carro para chegar ao autor de um roubo ocorrido no bairro Aeroporto, Cidade Alta, no dia 1\u00ba de maio. A v\u00edtima, uma jovem de 22 anos, registrou o crime nessa sexta-feira, 4.<\/p>\n<p>A jovem relatou \u00e0 PM que transitava pela Rua Jos\u00e9 Manoel Ribeiro quando um ve\u00edculo se aproximou e o carona, armado com uma faca, desembarcou e exigiu que ela entregasse seu celular.<\/p>\n<p>Por meio de consulta a imagens de c\u00e2meras de seguran\u00e7a instaladas pr\u00f3ximo ao local do roubo, os militares conseguiram identificar a placa do carro. Ap\u00f3s consulta ao sistema, foi poss\u00edvel obter o endere\u00e7o do propriet\u00e1rio do ve\u00edculo, um homem de 33 anos.<\/p>\n<p>No referido endere\u00e7o, os policiais entraram em contato com o suspeito, que confirmou a participa\u00e7\u00e3o no crime e indicou o nome do outro envolvido.<\/p>\n<p>O homem foi preso e o ve\u00edculo usado na pr\u00e1tica do crime foi apreendido.<\/p>\n","protected":false},"excerpt":{"rendered":"<p>A Pol\u00edcia Militar (PM) usou informa\u00e7\u00f5es da placa de um carro para chegar ao autor de um roubo ocorrido no bairro Aeroporto, Cidade Alta, no dia 1\u00ba de maio. A v\u00edtima, uma jovem de 22 anos, registrou o crime nessa sexta-feira, 4. A jovem relatou \u00e0 PM que transitava pela Rua Jos\u00e9 Manoel Ribeiro quando [&hellip;]<\/p>\n","protected":false},"author":96,"featured_media":95836,"comment_status":"closed","ping_status":"closed","sticky":false,"template":"","format":"standard","meta":{"footnotes":""},"categories":[301,439],"tags":[],"class_list":["post-99327","post","type-post","status-publish","format-standard","has-post-thumbnail","hentry","category-artigos-policiais","category-ultima-hora"],"_links":{"self":[{"href":"https:\/\/diarioregionaldigital.com.br\/index.php?rest_route=\/wp\/v2\/posts\/99327","targetHints":{"allow":["GET"]}}],"collection":[{"href":"https:\/\/diarioregionaldigital.com.br\/index.php?rest_route=\/wp\/v2\/posts"}],"about":[{"href":"https:\/\/diarioregionaldigital.com.br\/index.php?rest_route=\/wp\/v2\/types\/post"}],"author":[{"embeddable":true,"href":"https:\/\/diarioregionaldigital.com.br\/index.php?rest_route=\/wp\/v2\/users\/96"}],"replies":[{"embeddable":true,"href":"https:\/\/diarioregionaldigital.com.br\/index.php?rest_route=%2Fwp%2Fv2%2Fcomments&post=99327"}],"version-history":[{"count":0,"href":"https:\/\/diarioregionaldigital.com.br\/index.php?rest_route=\/wp\/v2\/posts\/99327\/revisions"}],"wp:featuredmedia":[{"embeddable":true,"href":"https:\/\/diarioregionaldigital.com.br\/index.php?rest_route=\/wp\/v2\/media\/95836"}],"wp:attachment":[{"href":"https:\/\/diarioregionaldigital.com.br\/index.php?rest_route=%2Fwp%2Fv2%2Fmedia&parent=99327"}],"wp:term":[{"taxonomy":"category","embeddable":true,"href":"https:\/\/diarioregionaldigital.com.br\/index.php?rest_route=%2Fwp%2Fv2%2Fcategories&post=99327"},{"taxonomy":"post_tag","embeddable":true,"href":"https:\/\/diarioregionaldigital.com.br\/index.php?rest_route=%2Fwp%2Fv2%2Ftags&post=99327"}],"curies":[{"name":"wp","href":"https:\/\/api.w.org\/{rel}","templated":true}]}}