{"id":99324,"date":"2018-05-05T13:14:05","date_gmt":"2018-05-05T16:14:05","guid":{"rendered":"http:\/\/diarioregionaljf.com.br\/?p=99324"},"modified":"2018-05-05T13:14:05","modified_gmt":"2018-05-05T16:14:05","slug":"decisao-do-stf-garante-direito-de-aposentadoria-especial-a-agentes-penitenciarios-em-minas","status":"publish","type":"post","link":"https:\/\/diarioregionaldigital.com.br\/?p=99324","title":{"rendered":"Decis\u00e3o do STF garante direito de aposentadoria especial a agentes penitenci\u00e1rios em Minas"},"content":{"rendered":"<p>O ministro Alexandre de Moraes, do Supremo Tribunal Federal (STF), determinou que o governo de Minas Gerais, por meio da Secretaria de Defesa Social e Subsecretaria de Administra\u00e7\u00e3o Prisional, aprecie os pedidos de aposentadoria especial dos trabalhadores filiados ao Sindicato dos Agentes Penitenci\u00e1rios do Estado de Minas Gerais (Sindasp\/MG). Como n\u00e3o h\u00e1 norma que regulamente a concess\u00e3o da aposentadoria especial aos agentes penitenci\u00e1rios, o ministro autorizou a concess\u00e3o do benef\u00edcio \u00e0 categoria \u201caplicando, no que couber, os termos da LC 51\/85\u201d, que disp\u00f5e sobre o regime de aposentadoria do servidor p\u00fablico policial.<\/p>\n<p>Relator do mandado de Injun\u00e7\u00e3o (MI) 6440, o ministro Alexandre de Moraes reconheceu a mora legislativa da Presid\u00eancia da Rep\u00fablica e do Congresso Nacional em n\u00e3o regulamentar o direito \u00e0 aposentadoria especial dos agentes penitenci\u00e1rios nos termos do artigo 40, par\u00e1grafo 4\u00ba, inciso II, da Constitui\u00e7\u00e3o Federal, referente \u00e0 excepcionalidade para aqueles servidores p\u00fablicos que exercem atividades de risco.<\/p>\n<p>Cita em sua decis\u00e3o diversos precedentes do STF no sentido da concess\u00e3o do benef\u00edcio aos agentes penitenci\u00e1rios de v\u00e1rias unidades da federa\u00e7\u00e3o, diante do reconhecimento da atividade de risco a partir da presen\u00e7a de \u201cpericulosidade inequivocamente inerente ao of\u00edcio\u201d. Explica que a concess\u00e3o do mandado de injun\u00e7\u00e3o por mora legislativa requer a presen\u00e7a de requisitos constitucionais autorizadores. \u201cO artigo 5\u00ba, inciso LXXI, da Constitui\u00e7\u00e3o Federal prev\u00ea que se conceder\u00e1 mandado de injun\u00e7\u00e3o sempre que a falta de norma regulamentadora torne invi\u00e1vel o exerc\u00edcio de direitos e liberdades constitucionais e das prerrogativas inerentes \u00e0 nacionalidade, \u00e0 soberania e \u00e0 cidadania\u201d, disse o relator.<\/p>\n<p>O ministro Alexandre de Moraes destacou tamb\u00e9m a legitimidade ativa do sindicato, uma vez atendidas as exig\u00eancias do artigo 12, inciso III, da Lei 13.300\/2016. Segundo o\u00a0dispositivo, o mandado de injun\u00e7\u00e3o coletivo pode ser promovido por organiza\u00e7\u00e3o sindical, entidade de classe ou associa\u00e7\u00e3o legalmente constitu\u00edda e em funcionamento h\u00e1 pelo menos um ano, para assegurar o exerc\u00edcio de direitos, liberdades e prerrogativas em favor da totalidade ou de parte de seus membros ou associados, na forma de seus estatutos e desde que pertinentes a suas finalidades, dispensada, para tanto, autoriza\u00e7\u00e3o especial.<\/p>\n<p>&nbsp;<\/p>\n<p>Fonte: Assessoria STF<\/p>\n","protected":false},"excerpt":{"rendered":"<p>O ministro Alexandre de Moraes, do Supremo Tribunal Federal (STF), determinou que o governo de Minas Gerais, por meio da Secretaria de Defesa Social e Subsecretaria de Administra\u00e7\u00e3o Prisional, aprecie os pedidos de aposentadoria especial dos trabalhadores filiados ao Sindicato dos Agentes Penitenci\u00e1rios do Estado de Minas Gerais (Sindasp\/MG). Como n\u00e3o h\u00e1 norma que regulamente [&hellip;]<\/p>\n","protected":false},"author":96,"featured_media":99325,"comment_status":"closed","ping_status":"closed","sticky":false,"template":"","format":"standard","meta":{"footnotes":""},"categories":[440,254],"tags":[],"class_list":["post-99324","post","type-post","status-publish","format-standard","has-post-thumbnail","hentry","category-destaques-do-dia","category-politica"],"_links":{"self":[{"href":"https:\/\/diarioregionaldigital.com.br\/index.php?rest_route=\/wp\/v2\/posts\/99324","targetHints":{"allow":["GET"]}}],"collection":[{"href":"https:\/\/diarioregionaldigital.com.br\/index.php?rest_route=\/wp\/v2\/posts"}],"about":[{"href":"https:\/\/diarioregionaldigital.com.br\/index.php?rest_route=\/wp\/v2\/types\/post"}],"author":[{"embeddable":true,"href":"https:\/\/diarioregionaldigital.com.br\/index.php?rest_route=\/wp\/v2\/users\/96"}],"replies":[{"embeddable":true,"href":"https:\/\/diarioregionaldigital.com.br\/index.php?rest_route=%2Fwp%2Fv2%2Fcomments&post=99324"}],"version-history":[{"count":0,"href":"https:\/\/diarioregionaldigital.com.br\/index.php?rest_route=\/wp\/v2\/posts\/99324\/revisions"}],"wp:featuredmedia":[{"embeddable":true,"href":"https:\/\/diarioregionaldigital.com.br\/index.php?rest_route=\/wp\/v2\/media\/99325"}],"wp:attachment":[{"href":"https:\/\/diarioregionaldigital.com.br\/index.php?rest_route=%2Fwp%2Fv2%2Fmedia&parent=99324"}],"wp:term":[{"taxonomy":"category","embeddable":true,"href":"https:\/\/diarioregionaldigital.com.br\/index.php?rest_route=%2Fwp%2Fv2%2Fcategories&post=99324"},{"taxonomy":"post_tag","embeddable":true,"href":"https:\/\/diarioregionaldigital.com.br\/index.php?rest_route=%2Fwp%2Fv2%2Ftags&post=99324"}],"curies":[{"name":"wp","href":"https:\/\/api.w.org\/{rel}","templated":true}]}}