{"id":99317,"date":"2018-05-06T06:00:14","date_gmt":"2018-05-06T09:00:14","guid":{"rendered":"http:\/\/diarioregionaljf.com.br\/?p=99317"},"modified":"2018-05-05T10:56:49","modified_gmt":"2018-05-05T13:56:49","slug":"parceria-entre-secretaria-de-saude-e-ascomcer-leva-ascomovel-a-bairros-da-zona-sul","status":"publish","type":"post","link":"https:\/\/diarioregionaldigital.com.br\/?p=99317","title":{"rendered":"Parceria entre Secretaria de Sa\u00fade e Ascomcer leva Ascom\u00f3vel a bairros da zona sul"},"content":{"rendered":"<p>Dando continuidade \u00e0 parceria com a Associa\u00e7\u00e3o Feminina de Preven\u00e7\u00e3o e Combate ao C\u00e2ncer de Juiz de Fora (Ascomcer), a Secretaria de Sa\u00fade (SS) promover\u00e1, durante todas as segundas-feiras de maio, atendimento a mulheres nos bairros da zona sul.<\/p>\n<p>Com o apoio do Ascom\u00f3vel, micro-\u00f4nibus que oferece servi\u00e7o m\u00f3vel de orienta\u00e7\u00e3o, as a\u00e7\u00f5es t\u00eam o intuito de conscientizar sobre o c\u00e2ncer de mama e aumentar a rastreabilidade da doen\u00e7a. Al\u00e9m da educa\u00e7\u00e3o em sa\u00fade, ser\u00e3o realizados exames cl\u00ednicos de mama, e as pacientes entre 50 e 69 anos que forem indicadas para a realiza\u00e7\u00e3o da mamografia ser\u00e3o encaminhadas \u00e0 Ascomcer.<\/p>\n<p>Na segunda-feira, 7, a equipe estar\u00e1 no Clube dos Comerci\u00e1rios, no Bairro S\u00e3o Geraldo. J\u00e1 no dia 14, o evento ser\u00e1 realizado na Rua Jos\u00e9 Augusto de Paula, em frente \u00e0 UBS do Bairro Vale Verde.<\/p>\n<p>No dia 21, o Ascom\u00f3vel estar\u00e1 na Escola Municipal Doutor Antonio Lessa, no Bairro Santa Efig\u00eania. J\u00e1 no dia 28, a a\u00e7\u00e3o ser\u00e1 realizada na Rua Doutor Etiene Loures, em frente \u00e0 UBS do Bairro Ipiranga. A equipe realizar\u00e1 os atendimentos sempre das 12h \u00e0s 16h. Para que participem da a\u00e7\u00e3o, as mulheres devem levar o cart\u00e3o do SUS e o comprovante de resid\u00eancia.<\/p>\n<p>&nbsp;<\/p>\n<p>Fonte: Assessoria\/PJF<\/p>\n","protected":false},"excerpt":{"rendered":"<p>Dando continuidade \u00e0 parceria com a Associa\u00e7\u00e3o Feminina de Preven\u00e7\u00e3o e Combate ao C\u00e2ncer de Juiz de Fora (Ascomcer), a Secretaria de Sa\u00fade (SS) promover\u00e1, durante todas as segundas-feiras de maio, atendimento a mulheres nos bairros da zona sul. Com o apoio do Ascom\u00f3vel, micro-\u00f4nibus que oferece servi\u00e7o m\u00f3vel de orienta\u00e7\u00e3o, as a\u00e7\u00f5es t\u00eam o [&hellip;]<\/p>\n","protected":false},"author":96,"featured_media":99318,"comment_status":"closed","ping_status":"closed","sticky":false,"template":"","format":"standard","meta":{"footnotes":""},"categories":[253,436],"tags":[],"class_list":["post-99317","post","type-post","status-publish","format-standard","has-post-thumbnail","hentry","category-cidade","category-destaque-da-semana"],"_links":{"self":[{"href":"https:\/\/diarioregionaldigital.com.br\/index.php?rest_route=\/wp\/v2\/posts\/99317","targetHints":{"allow":["GET"]}}],"collection":[{"href":"https:\/\/diarioregionaldigital.com.br\/index.php?rest_route=\/wp\/v2\/posts"}],"about":[{"href":"https:\/\/diarioregionaldigital.com.br\/index.php?rest_route=\/wp\/v2\/types\/post"}],"author":[{"embeddable":true,"href":"https:\/\/diarioregionaldigital.com.br\/index.php?rest_route=\/wp\/v2\/users\/96"}],"replies":[{"embeddable":true,"href":"https:\/\/diarioregionaldigital.com.br\/index.php?rest_route=%2Fwp%2Fv2%2Fcomments&post=99317"}],"version-history":[{"count":0,"href":"https:\/\/diarioregionaldigital.com.br\/index.php?rest_route=\/wp\/v2\/posts\/99317\/revisions"}],"wp:featuredmedia":[{"embeddable":true,"href":"https:\/\/diarioregionaldigital.com.br\/index.php?rest_route=\/wp\/v2\/media\/99318"}],"wp:attachment":[{"href":"https:\/\/diarioregionaldigital.com.br\/index.php?rest_route=%2Fwp%2Fv2%2Fmedia&parent=99317"}],"wp:term":[{"taxonomy":"category","embeddable":true,"href":"https:\/\/diarioregionaldigital.com.br\/index.php?rest_route=%2Fwp%2Fv2%2Fcategories&post=99317"},{"taxonomy":"post_tag","embeddable":true,"href":"https:\/\/diarioregionaldigital.com.br\/index.php?rest_route=%2Fwp%2Fv2%2Ftags&post=99317"}],"curies":[{"name":"wp","href":"https:\/\/api.w.org\/{rel}","templated":true}]}}