{"id":99312,"date":"2018-05-05T10:32:20","date_gmt":"2018-05-05T13:32:20","guid":{"rendered":"http:\/\/diarioregionaljf.com.br\/?p=99312"},"modified":"2018-05-05T10:32:20","modified_gmt":"2018-05-05T13:32:20","slug":"manutencao-em-rede-de-agua-pode-afetar-abastecimento-na-zona-norte","status":"publish","type":"post","link":"https:\/\/diarioregionaldigital.com.br\/?p=99312","title":{"rendered":"Manuten\u00e7\u00e3o em rede de \u00e1gua pode afetar abastecimento na zona Norte"},"content":{"rendered":"<p>Neste domingo, 6, a Companhia de Saneamento Municipal (Cesama) realizar\u00e1 manuten\u00e7\u00e3o na rede de \u00e1gua que passa pela Avenida Presidente Juscelino Kubitschek, pr\u00f3ximo \u00e0 Becton Dickinson, no Bairro Cer\u00e2mica. Para realiza\u00e7\u00e3o dos servi\u00e7os, ser\u00e1 necess\u00e1rio diminuir a press\u00e3o do sistema local das 7h \u00e0s 12h, o que pode afetar o abastecimento de parte da zona norte da cidade, incluindo os bairros Francisco Bernardino, Milho Branco, Carlos Chagas, Monte Castelo, Esplanada, F\u00e1brica e imedia\u00e7\u00f5es.<\/p>\n<p>A Cesama pede a compreens\u00e3o dos moradores e orienta para que economizem \u00e1gua nesse per\u00edodo. Assim que os trabalhos forem conclu\u00eddos, o sistema de fornecimento de \u00e1gua voltar\u00e1 \u00e0 press\u00e3o normal. A previs\u00e3o \u00e9 de que o abastecimento seja regularizado durante a noite de domingo.<\/p>\n<p>&nbsp;<\/p>\n<p>Fonte: Assessoria<\/p>\n","protected":false},"excerpt":{"rendered":"<p>Neste domingo, 6, a Companhia de Saneamento Municipal (Cesama) realizar\u00e1 manuten\u00e7\u00e3o na rede de \u00e1gua que passa pela Avenida Presidente Juscelino Kubitschek, pr\u00f3ximo \u00e0 Becton Dickinson, no Bairro Cer\u00e2mica. Para realiza\u00e7\u00e3o dos servi\u00e7os, ser\u00e1 necess\u00e1rio diminuir a press\u00e3o do sistema local das 7h \u00e0s 12h, o que pode afetar o abastecimento de parte da zona [&hellip;]<\/p>\n","protected":false},"author":96,"featured_media":99313,"comment_status":"closed","ping_status":"closed","sticky":false,"template":"","format":"standard","meta":{"footnotes":""},"categories":[253,439],"tags":[],"class_list":["post-99312","post","type-post","status-publish","format-standard","has-post-thumbnail","hentry","category-cidade","category-ultima-hora"],"_links":{"self":[{"href":"https:\/\/diarioregionaldigital.com.br\/index.php?rest_route=\/wp\/v2\/posts\/99312","targetHints":{"allow":["GET"]}}],"collection":[{"href":"https:\/\/diarioregionaldigital.com.br\/index.php?rest_route=\/wp\/v2\/posts"}],"about":[{"href":"https:\/\/diarioregionaldigital.com.br\/index.php?rest_route=\/wp\/v2\/types\/post"}],"author":[{"embeddable":true,"href":"https:\/\/diarioregionaldigital.com.br\/index.php?rest_route=\/wp\/v2\/users\/96"}],"replies":[{"embeddable":true,"href":"https:\/\/diarioregionaldigital.com.br\/index.php?rest_route=%2Fwp%2Fv2%2Fcomments&post=99312"}],"version-history":[{"count":0,"href":"https:\/\/diarioregionaldigital.com.br\/index.php?rest_route=\/wp\/v2\/posts\/99312\/revisions"}],"wp:featuredmedia":[{"embeddable":true,"href":"https:\/\/diarioregionaldigital.com.br\/index.php?rest_route=\/wp\/v2\/media\/99313"}],"wp:attachment":[{"href":"https:\/\/diarioregionaldigital.com.br\/index.php?rest_route=%2Fwp%2Fv2%2Fmedia&parent=99312"}],"wp:term":[{"taxonomy":"category","embeddable":true,"href":"https:\/\/diarioregionaldigital.com.br\/index.php?rest_route=%2Fwp%2Fv2%2Fcategories&post=99312"},{"taxonomy":"post_tag","embeddable":true,"href":"https:\/\/diarioregionaldigital.com.br\/index.php?rest_route=%2Fwp%2Fv2%2Ftags&post=99312"}],"curies":[{"name":"wp","href":"https:\/\/api.w.org\/{rel}","templated":true}]}}