{"id":99307,"date":"2018-05-05T10:07:05","date_gmt":"2018-05-05T13:07:05","guid":{"rendered":"http:\/\/diarioregionaljf.com.br\/?p=99307"},"modified":"2018-05-05T10:07:05","modified_gmt":"2018-05-05T13:07:05","slug":"trf4-nega-pedido-de-anulacao-da-condenacao-de-lula","status":"publish","type":"post","link":"https:\/\/diarioregionaldigital.com.br\/?p=99307","title":{"rendered":"TRF4 nega pedido de anula\u00e7\u00e3o da condena\u00e7\u00e3o de Lula"},"content":{"rendered":"<p>A vice-presidente do Tribunal Regional Federal da 4\u00aa Regi\u00e3o (TRF4), desembargadora Maria de F\u00e1tima Freitas Labarr\u00e8re, negou nessa sexta-feira, 4, recurso da defesa do ex-presidente Luiz In\u00e1cio Lula da Silva para suspender a decis\u00e3o da 8\u00aa Turma do tribunal, que condenou o r\u00e9u a 12 anos e 1 m\u00eas, com execu\u00e7\u00e3o provis\u00f3ria da pena de pris\u00e3o.<\/p>\n<p>O pedido havia sido protocolado no dia 27 de abril pela defesa do ex-presidente. Os advogados apontaram supostas viola\u00e7\u00f5es cometidas pelo juiz federal S\u00e9rgio Moro, entre elas a falta de comprovada rela\u00e7\u00e3o entre contratos com a Petrobras e o favorecimento il\u00edcito considerado na senten\u00e7a. A defesa alega que a 13\u00aa Vara de Curitiba n\u00e3o teria compet\u00eancia para julgar a a\u00e7\u00e3o.<\/p>\n<p>Segundo a desembargadora, embora presente o periculum in mora (perigo na demora) decorrente da pris\u00e3o do r\u00e9u, n\u00e3o estariam preenchidos os demais requisitos necess\u00e1rios ao deferimento da medida, que s\u00e3o a possibilidade de admissibilidade dos recursos junto aos tribunais superiores e a probabilidade de acolhimento das teses levantadas pela defesa.<\/p>\n<p>\u201cVale dizer, somente com argumentos s\u00f3lidos e pass\u00edveis de acolhimento pelas inst\u00e2ncias superiores, do ponto de vista da legalidade e constitucionalidade, \u00e9 que se pode obstaculizar o cumprimento do julgado emitido pela Corte Regional\u201d, afirmou a desembargadora.<\/p>\n<p>&nbsp;<\/p>\n<p>Fonte: Ag\u00eancia Brasil<\/p>\n","protected":false},"excerpt":{"rendered":"<p>A vice-presidente do Tribunal Regional Federal da 4\u00aa Regi\u00e3o (TRF4), desembargadora Maria de F\u00e1tima Freitas Labarr\u00e8re, negou nessa sexta-feira, 4, recurso da defesa do ex-presidente Luiz In\u00e1cio Lula da Silva para suspender a decis\u00e3o da 8\u00aa Turma do tribunal, que condenou o r\u00e9u a 12 anos e 1 m\u00eas, com execu\u00e7\u00e3o provis\u00f3ria da pena de [&hellip;]<\/p>\n","protected":false},"author":96,"featured_media":97343,"comment_status":"closed","ping_status":"closed","sticky":false,"template":"","format":"standard","meta":{"footnotes":""},"categories":[254,439],"tags":[],"class_list":["post-99307","post","type-post","status-publish","format-standard","has-post-thumbnail","hentry","category-politica","category-ultima-hora"],"_links":{"self":[{"href":"https:\/\/diarioregionaldigital.com.br\/index.php?rest_route=\/wp\/v2\/posts\/99307","targetHints":{"allow":["GET"]}}],"collection":[{"href":"https:\/\/diarioregionaldigital.com.br\/index.php?rest_route=\/wp\/v2\/posts"}],"about":[{"href":"https:\/\/diarioregionaldigital.com.br\/index.php?rest_route=\/wp\/v2\/types\/post"}],"author":[{"embeddable":true,"href":"https:\/\/diarioregionaldigital.com.br\/index.php?rest_route=\/wp\/v2\/users\/96"}],"replies":[{"embeddable":true,"href":"https:\/\/diarioregionaldigital.com.br\/index.php?rest_route=%2Fwp%2Fv2%2Fcomments&post=99307"}],"version-history":[{"count":0,"href":"https:\/\/diarioregionaldigital.com.br\/index.php?rest_route=\/wp\/v2\/posts\/99307\/revisions"}],"wp:featuredmedia":[{"embeddable":true,"href":"https:\/\/diarioregionaldigital.com.br\/index.php?rest_route=\/wp\/v2\/media\/97343"}],"wp:attachment":[{"href":"https:\/\/diarioregionaldigital.com.br\/index.php?rest_route=%2Fwp%2Fv2%2Fmedia&parent=99307"}],"wp:term":[{"taxonomy":"category","embeddable":true,"href":"https:\/\/diarioregionaldigital.com.br\/index.php?rest_route=%2Fwp%2Fv2%2Fcategories&post=99307"},{"taxonomy":"post_tag","embeddable":true,"href":"https:\/\/diarioregionaldigital.com.br\/index.php?rest_route=%2Fwp%2Fv2%2Ftags&post=99307"}],"curies":[{"name":"wp","href":"https:\/\/api.w.org\/{rel}","templated":true}]}}