{"id":99305,"date":"2018-05-05T09:41:04","date_gmt":"2018-05-05T12:41:04","guid":{"rendered":"http:\/\/diarioregionaljf.com.br\/?p=99305"},"modified":"2018-05-05T09:41:04","modified_gmt":"2018-05-05T12:41:04","slug":"pm-apreende-drogas-e-municoes-no-jardim-natal","status":"publish","type":"post","link":"https:\/\/diarioregionaldigital.com.br\/?p=99305","title":{"rendered":"PM apreende drogas e muni\u00e7\u00f5es no Jardim Natal"},"content":{"rendered":"<p>A Pol\u00edcia Militar (PM) apreendeu drogas e muni\u00e7\u00f5es em uma casa abandonada na Rua Onofre Francisco Eva, no bairro Jardim Natal, zona Norte da cidade, na tarde dessa sexta-feira, 4. Um menino de 12 anos estava no local e foi entregue a seu av\u00f4.<\/p>\n<p>De acordo com o registro da ocorr\u00eancia, o im\u00f3vel foi verificado durante opera\u00e7\u00e3o policial realizada na regi\u00e3o. Em buscas pela casa foram encontrados um r\u00e1dio port\u00e1til, um bin\u00f3culo, uma por\u00e7\u00e3o de maconha e muni\u00e7\u00f5es. Com aux\u00edlio de c\u00e3es farejadores, foram localizados, ainda, em um monte de entulho que estava em frente \u00e0 resid\u00eancia, uma garrafa contendo 32 buchas de maconha, cinco pinos de coca\u00edna, 21 pedras de crack e a quantia de R$297.<\/p>\n","protected":false},"excerpt":{"rendered":"<p>A Pol\u00edcia Militar (PM) apreendeu drogas e muni\u00e7\u00f5es em uma casa abandonada na Rua Onofre Francisco Eva, no bairro Jardim Natal, zona Norte da cidade, na tarde dessa sexta-feira, 4. Um menino de 12 anos estava no local e foi entregue a seu av\u00f4. De acordo com o registro da ocorr\u00eancia, o im\u00f3vel foi verificado [&hellip;]<\/p>\n","protected":false},"author":96,"featured_media":95836,"comment_status":"closed","ping_status":"closed","sticky":false,"template":"","format":"standard","meta":{"footnotes":""},"categories":[301,439],"tags":[],"class_list":["post-99305","post","type-post","status-publish","format-standard","has-post-thumbnail","hentry","category-artigos-policiais","category-ultima-hora"],"_links":{"self":[{"href":"https:\/\/diarioregionaldigital.com.br\/index.php?rest_route=\/wp\/v2\/posts\/99305","targetHints":{"allow":["GET"]}}],"collection":[{"href":"https:\/\/diarioregionaldigital.com.br\/index.php?rest_route=\/wp\/v2\/posts"}],"about":[{"href":"https:\/\/diarioregionaldigital.com.br\/index.php?rest_route=\/wp\/v2\/types\/post"}],"author":[{"embeddable":true,"href":"https:\/\/diarioregionaldigital.com.br\/index.php?rest_route=\/wp\/v2\/users\/96"}],"replies":[{"embeddable":true,"href":"https:\/\/diarioregionaldigital.com.br\/index.php?rest_route=%2Fwp%2Fv2%2Fcomments&post=99305"}],"version-history":[{"count":0,"href":"https:\/\/diarioregionaldigital.com.br\/index.php?rest_route=\/wp\/v2\/posts\/99305\/revisions"}],"wp:featuredmedia":[{"embeddable":true,"href":"https:\/\/diarioregionaldigital.com.br\/index.php?rest_route=\/wp\/v2\/media\/95836"}],"wp:attachment":[{"href":"https:\/\/diarioregionaldigital.com.br\/index.php?rest_route=%2Fwp%2Fv2%2Fmedia&parent=99305"}],"wp:term":[{"taxonomy":"category","embeddable":true,"href":"https:\/\/diarioregionaldigital.com.br\/index.php?rest_route=%2Fwp%2Fv2%2Fcategories&post=99305"},{"taxonomy":"post_tag","embeddable":true,"href":"https:\/\/diarioregionaldigital.com.br\/index.php?rest_route=%2Fwp%2Fv2%2Ftags&post=99305"}],"curies":[{"name":"wp","href":"https:\/\/api.w.org\/{rel}","templated":true}]}}