{"id":99303,"date":"2018-05-05T09:18:09","date_gmt":"2018-05-05T12:18:09","guid":{"rendered":"http:\/\/diarioregionaljf.com.br\/?p=99303"},"modified":"2018-05-05T09:18:09","modified_gmt":"2018-05-05T12:18:09","slug":"homem-e-alvejado-por-tiro-na-boca-na-zona-sul","status":"publish","type":"post","link":"https:\/\/diarioregionaldigital.com.br\/?p=99303","title":{"rendered":"Homem \u00e9 alvejado por tiro na boca na zona Sul"},"content":{"rendered":"<p>Um homem de 44 anos levou um tiro na boca no bairro Santa Efig\u00eania, zona Sul da cidade, na madrugada deste s\u00e1bado, 5. De acordo com informa\u00e7\u00f5es da Pol\u00edcia Militar (PM), a v\u00edtima tem passagem policial por tr\u00e1fico.<\/p>\n<p>O homem foi socorrido por um familiar e encaminhado ao Hospital de Pronto Socorro (HPS), onde ficou internado a espera de cirurgia. Ele relatou \u00e0 PM que o autor dos disparos estava com a cabe\u00e7a coberta por um capuz e usou um rev\u00f3lver calibre 32. A v\u00edtima afirmou ainda desconhecer a motiva\u00e7\u00e3o do crime.<\/p>\n","protected":false},"excerpt":{"rendered":"<p>Um homem de 44 anos levou um tiro na boca no bairro Santa Efig\u00eania, zona Sul da cidade, na madrugada deste s\u00e1bado, 5. De acordo com informa\u00e7\u00f5es da Pol\u00edcia Militar (PM), a v\u00edtima tem passagem policial por tr\u00e1fico. O homem foi socorrido por um familiar e encaminhado ao Hospital de Pronto Socorro (HPS), onde ficou [&hellip;]<\/p>\n","protected":false},"author":96,"featured_media":95836,"comment_status":"closed","ping_status":"closed","sticky":false,"template":"","format":"standard","meta":{"footnotes":""},"categories":[301,439],"tags":[],"class_list":["post-99303","post","type-post","status-publish","format-standard","has-post-thumbnail","hentry","category-artigos-policiais","category-ultima-hora"],"_links":{"self":[{"href":"https:\/\/diarioregionaldigital.com.br\/index.php?rest_route=\/wp\/v2\/posts\/99303","targetHints":{"allow":["GET"]}}],"collection":[{"href":"https:\/\/diarioregionaldigital.com.br\/index.php?rest_route=\/wp\/v2\/posts"}],"about":[{"href":"https:\/\/diarioregionaldigital.com.br\/index.php?rest_route=\/wp\/v2\/types\/post"}],"author":[{"embeddable":true,"href":"https:\/\/diarioregionaldigital.com.br\/index.php?rest_route=\/wp\/v2\/users\/96"}],"replies":[{"embeddable":true,"href":"https:\/\/diarioregionaldigital.com.br\/index.php?rest_route=%2Fwp%2Fv2%2Fcomments&post=99303"}],"version-history":[{"count":0,"href":"https:\/\/diarioregionaldigital.com.br\/index.php?rest_route=\/wp\/v2\/posts\/99303\/revisions"}],"wp:featuredmedia":[{"embeddable":true,"href":"https:\/\/diarioregionaldigital.com.br\/index.php?rest_route=\/wp\/v2\/media\/95836"}],"wp:attachment":[{"href":"https:\/\/diarioregionaldigital.com.br\/index.php?rest_route=%2Fwp%2Fv2%2Fmedia&parent=99303"}],"wp:term":[{"taxonomy":"category","embeddable":true,"href":"https:\/\/diarioregionaldigital.com.br\/index.php?rest_route=%2Fwp%2Fv2%2Fcategories&post=99303"},{"taxonomy":"post_tag","embeddable":true,"href":"https:\/\/diarioregionaldigital.com.br\/index.php?rest_route=%2Fwp%2Fv2%2Ftags&post=99303"}],"curies":[{"name":"wp","href":"https:\/\/api.w.org\/{rel}","templated":true}]}}