{"id":99295,"date":"2018-05-05T08:28:29","date_gmt":"2018-05-05T11:28:29","guid":{"rendered":"http:\/\/diarioregionaljf.com.br\/?p=99295"},"modified":"2018-05-05T08:28:29","modified_gmt":"2018-05-05T11:28:29","slug":"jovens-sao-presos-por-trafico-de-drogas-no-progresso","status":"publish","type":"post","link":"https:\/\/diarioregionaldigital.com.br\/?p=99295","title":{"rendered":"Jovens s\u00e3o presos por tr\u00e1fico de drogas no Progresso"},"content":{"rendered":"<p>Dois jovens, de 18 e 19 anos, foram presos por tr\u00e1fico de drogas no bairro Progresso, zona Leste, no in\u00edcio da noite dessa sexta-feira, 4. A dupla foi abordada por uma equipe da Pol\u00edcia Militar (PM) que fazia patrulhamento pela Rua Augusto Stoppa.<\/p>\n<p>Conforme a PM, durante a abordagem foram repassadas informa\u00e7\u00f5es ao Centro de Opera\u00e7\u00f5es Policiais Militares (Copom) sobre locais onde os autores escondiam drogas. De posse desses dados e com ajuda de c\u00e3es farejadores, os militares iniciaram buscas pela referida rua, vindo a encontrar entorpecentes em lugares como um meio fio, a roda de um carro e um bambuzal.<\/p>\n<p>No total, foram apreendidas 31 pedras de crack, 27 papelotes de coca\u00edna, oito buchas de maconha e cerca de R$71.<\/p>\n<p>Os dois jovens foram presos e encaminhados a delegacia, junto com os materiais apreendidos.<\/p>\n","protected":false},"excerpt":{"rendered":"<p>Dois jovens, de 18 e 19 anos, foram presos por tr\u00e1fico de drogas no bairro Progresso, zona Leste, no in\u00edcio da noite dessa sexta-feira, 4. A dupla foi abordada por uma equipe da Pol\u00edcia Militar (PM) que fazia patrulhamento pela Rua Augusto Stoppa. Conforme a PM, durante a abordagem foram repassadas informa\u00e7\u00f5es ao Centro de [&hellip;]<\/p>\n","protected":false},"author":96,"featured_media":97342,"comment_status":"closed","ping_status":"closed","sticky":false,"template":"","format":"standard","meta":{"footnotes":""},"categories":[301,439],"tags":[],"class_list":["post-99295","post","type-post","status-publish","format-standard","has-post-thumbnail","hentry","category-artigos-policiais","category-ultima-hora"],"_links":{"self":[{"href":"https:\/\/diarioregionaldigital.com.br\/index.php?rest_route=\/wp\/v2\/posts\/99295","targetHints":{"allow":["GET"]}}],"collection":[{"href":"https:\/\/diarioregionaldigital.com.br\/index.php?rest_route=\/wp\/v2\/posts"}],"about":[{"href":"https:\/\/diarioregionaldigital.com.br\/index.php?rest_route=\/wp\/v2\/types\/post"}],"author":[{"embeddable":true,"href":"https:\/\/diarioregionaldigital.com.br\/index.php?rest_route=\/wp\/v2\/users\/96"}],"replies":[{"embeddable":true,"href":"https:\/\/diarioregionaldigital.com.br\/index.php?rest_route=%2Fwp%2Fv2%2Fcomments&post=99295"}],"version-history":[{"count":0,"href":"https:\/\/diarioregionaldigital.com.br\/index.php?rest_route=\/wp\/v2\/posts\/99295\/revisions"}],"wp:featuredmedia":[{"embeddable":true,"href":"https:\/\/diarioregionaldigital.com.br\/index.php?rest_route=\/wp\/v2\/media\/97342"}],"wp:attachment":[{"href":"https:\/\/diarioregionaldigital.com.br\/index.php?rest_route=%2Fwp%2Fv2%2Fmedia&parent=99295"}],"wp:term":[{"taxonomy":"category","embeddable":true,"href":"https:\/\/diarioregionaldigital.com.br\/index.php?rest_route=%2Fwp%2Fv2%2Fcategories&post=99295"},{"taxonomy":"post_tag","embeddable":true,"href":"https:\/\/diarioregionaldigital.com.br\/index.php?rest_route=%2Fwp%2Fv2%2Ftags&post=99295"}],"curies":[{"name":"wp","href":"https:\/\/api.w.org\/{rel}","templated":true}]}}