{"id":99260,"date":"2018-05-06T06:00:24","date_gmt":"2018-05-06T09:00:24","guid":{"rendered":"http:\/\/diarioregionaljf.com.br\/?p=99260"},"modified":"2018-05-04T19:53:14","modified_gmt":"2018-05-04T22:53:14","slug":"medalha-do-merito-legislativo-2018","status":"publish","type":"post","link":"https:\/\/diarioregionaldigital.com.br\/?p=99260","title":{"rendered":"Medalha do M\u00e9rito Legislativo 2018"},"content":{"rendered":"<p style=\"text-align: center;\"><strong>Ele Merece<\/strong><\/p>\n<p style=\"text-align: center;\">Foi com muitos aplausos a despedida de Luciano Sobrinho como s\u00edndico do Santa Cruz Shopping. Antes de deixar o comando do Santa Cruz Shopping, Luciano Sobrinho, al\u00e9m de v\u00e1rias realiza\u00e7\u00f5es, lan\u00e7ou um projeto social no Shopping. Ele aproveitou uma \u00e1rea no terra\u00e7o e montou uma horta para que alunos das escolas p\u00fablicas pratiquem no\u00e7\u00f5es de horticultura.<\/p>\n<p style=\"text-align: center;\"><strong>Para Saber<\/strong><\/p>\n<p style=\"text-align: center;\">Em tempo de crise econ\u00f4mica um alerta proveitoso do consultor financeiro Fernando Agra vai direto para a compra de material de constru\u00e7\u00e3o. Segundo ele, a queda de pre\u00e7os \u00e9 bom para o consumidor, mas \u00e9 extremamente importante se ter planejamento da obra. Antes de comprar \u00e9 preciso avaliar se \u00e9 o momento de construir ou de reformar.<\/p>\n<p style=\"text-align: center;\"><strong>Bloqueio Total<\/strong><\/p>\n<p style=\"text-align: center;\">A privatiza\u00e7\u00e3o da Eletrobras, que enfrenta resist\u00eancias no Congresso, n\u00e3o \u00e9 prioridade apenas para o governo \u2013 que v\u00ea na opera\u00e7\u00e3o uma forma de reduzir o rombo nas contas p\u00fablicas. O que est\u00e1 em jogo \u00e9 o pr\u00f3prio papel da empresa, maior geradora de energia da Am\u00e9rica Latina, e sua capacidade de investir o suficiente para assegurar a expans\u00e3o da oferta de energia no pa\u00eds, afirmam fontes a par das negocia\u00e7\u00f5es.<\/p>\n<p style=\"text-align: center;\"><strong>Cinemascope<\/strong><\/p>\n<p style=\"text-align: center;\">Uma verdadeira viagem espacial. \u00c9 isso que o Cine Sesc prop\u00f5e ao p\u00fablico na temporada de maio. Durante o per\u00edodo a iniciativa prop\u00f5e uma reflex\u00e3o sobre a fic\u00e7\u00e3o cient\u00edfica na s\u00e9tima arte por meio de alguns temas que circundam o g\u00eanero. No Sesc Juiz de Fora, a programa\u00e7\u00e3o sempre, \u00e0s 19h, ser\u00e1 nos dias 9, 16, 23 e 30 de maio, com sess\u00f5es gratuitas.<\/p>\n<p style=\"text-align: center;\"><span style=\"font-size: 14pt;\"><strong>Medalha do M\u00e9rito Legislativo 2018<\/strong><\/span><\/p>\n<p style=\"text-align: center;\">A C\u00e2mara Municipal de Juiz de Fora completou 165 anos em abril de 2018. Para celebrar esta data e homenagear quem auxilia na miss\u00e3o de transformar Juiz de Fora numa cidade cada vez melhor, a C\u00e2mara agraciou, com a Medalha de M\u00e9rito Legislativo, 20 pessoas que obtiveram destaque em sua \u00e1rea espec\u00edfica. Hoje destacamos alguns homenageados em fotos de Humberto Nicoline.<\/p>\n<div id=\"attachment_99190\" style=\"width: 690px\" class=\"wp-caption aligncenter\"><img loading=\"lazy\" decoding=\"async\" aria-describedby=\"caption-attachment-99190\" class=\"wp-image-99190\" src=\"http:\/\/diarioregionaljf.com.br\/wp-content\/uploads\/2018\/05\/fotoa-2.jpg\" alt=\"\" width=\"680\" height=\"467\" srcset=\"https:\/\/diarioregionaldigital.com.br\/wp-content\/uploads\/2018\/05\/fotoa-2.jpg 2999w, https:\/\/diarioregionaldigital.com.br\/wp-content\/uploads\/2018\/05\/fotoa-2-300x206.jpg 300w, https:\/\/diarioregionaldigital.com.br\/wp-content\/uploads\/2018\/05\/fotoa-2-768x528.jpg 768w, https:\/\/diarioregionaldigital.com.br\/wp-content\/uploads\/2018\/05\/fotoa-2-1024x703.jpg 1024w, https:\/\/diarioregionaldigital.com.br\/wp-content\/uploads\/2018\/05\/fotoa-2-360x247.jpg 360w, https:\/\/diarioregionaldigital.com.br\/wp-content\/uploads\/2018\/05\/fotoa-2-100x70.jpg 100w\" sizes=\"auto, (max-width: 680px) 100vw, 680px\" \/><p id=\"caption-attachment-99190\" class=\"wp-caption-text\">O prefeito Ant\u00f4nio Almas e o presidente da C\u00e2mara Municipal Rodrigo Mattos com J\u00falio Gasparette. (Pol\u00edtica)<\/p><\/div>\n<div id=\"attachment_99191\" style=\"width: 690px\" class=\"wp-caption aligncenter\"><img loading=\"lazy\" decoding=\"async\" aria-describedby=\"caption-attachment-99191\" class=\"wp-image-99191\" src=\"http:\/\/diarioregionaljf.com.br\/wp-content\/uploads\/2018\/05\/fotob-2.jpg\" alt=\"\" width=\"680\" height=\"453\" srcset=\"https:\/\/diarioregionaldigital.com.br\/wp-content\/uploads\/2018\/05\/fotob-2.jpg 3184w, https:\/\/diarioregionaldigital.com.br\/wp-content\/uploads\/2018\/05\/fotob-2-300x200.jpg 300w, https:\/\/diarioregionaldigital.com.br\/wp-content\/uploads\/2018\/05\/fotob-2-768x511.jpg 768w, https:\/\/diarioregionaldigital.com.br\/wp-content\/uploads\/2018\/05\/fotob-2-1024x682.jpg 1024w, https:\/\/diarioregionaldigital.com.br\/wp-content\/uploads\/2018\/05\/fotob-2-360x240.jpg 360w\" sizes=\"auto, (max-width: 680px) 100vw, 680px\" \/><p id=\"caption-attachment-99191\" class=\"wp-caption-text\">M\u00e9rito Excepcional: vereador Wagner Oliveira entrega ao Dr. Aloysio Jo\u00e3o Fellet<\/p><\/div>\n<div id=\"attachment_99204\" style=\"width: 690px\" class=\"wp-caption aligncenter\"><img loading=\"lazy\" decoding=\"async\" aria-describedby=\"caption-attachment-99204\" class=\"wp-image-99204\" src=\"http:\/\/diarioregionaljf.com.br\/wp-content\/uploads\/2018\/05\/fotoc-2.jpg\" alt=\"\" width=\"680\" height=\"453\" srcset=\"https:\/\/diarioregionaldigital.com.br\/wp-content\/uploads\/2018\/05\/fotoc-2.jpg 3184w, https:\/\/diarioregionaldigital.com.br\/wp-content\/uploads\/2018\/05\/fotoc-2-300x200.jpg 300w, https:\/\/diarioregionaldigital.com.br\/wp-content\/uploads\/2018\/05\/fotoc-2-768x511.jpg 768w, https:\/\/diarioregionaldigital.com.br\/wp-content\/uploads\/2018\/05\/fotoc-2-1024x682.jpg 1024w, https:\/\/diarioregionaldigital.com.br\/wp-content\/uploads\/2018\/05\/fotoc-2-360x240.jpg 360w\" sizes=\"auto, (max-width: 680px) 100vw, 680px\" \/><p id=\"caption-attachment-99204\" class=\"wp-caption-text\">Vereadora Sheila Oliveira entrega a Alo\u00edsio Vasconcelos (M\u00e9rito Excepcional)<\/p><\/div>\n<div id=\"attachment_99193\" style=\"width: 690px\" class=\"wp-caption aligncenter\"><img loading=\"lazy\" decoding=\"async\" aria-describedby=\"caption-attachment-99193\" class=\"wp-image-99193\" src=\"http:\/\/diarioregionaljf.com.br\/wp-content\/uploads\/2018\/05\/fotod-1.jpg\" alt=\"\" width=\"680\" height=\"516\" srcset=\"https:\/\/diarioregionaldigital.com.br\/wp-content\/uploads\/2018\/05\/fotod-1.jpg 2715w, https:\/\/diarioregionaldigital.com.br\/wp-content\/uploads\/2018\/05\/fotod-1-300x228.jpg 300w, https:\/\/diarioregionaldigital.com.br\/wp-content\/uploads\/2018\/05\/fotod-1-768x582.jpg 768w, https:\/\/diarioregionaldigital.com.br\/wp-content\/uploads\/2018\/05\/fotod-1-1024x777.jpg 1024w, https:\/\/diarioregionaldigital.com.br\/wp-content\/uploads\/2018\/05\/fotod-1-360x273.jpg 360w\" sizes=\"auto, (max-width: 680px) 100vw, 680px\" \/><p id=\"caption-attachment-99193\" class=\"wp-caption-text\">Vereador Charlles Evangelista entrega M\u00e9rito Excepcional ao General de Brigada Carlos Andr\u00e9 Alc\u00e2ntara Leite<\/p><\/div>\n<div id=\"attachment_99194\" style=\"width: 690px\" class=\"wp-caption aligncenter\"><img loading=\"lazy\" decoding=\"async\" aria-describedby=\"caption-attachment-99194\" class=\"wp-image-99194\" src=\"http:\/\/diarioregionaljf.com.br\/wp-content\/uploads\/2018\/05\/fotoe-1.jpg\" alt=\"\" width=\"680\" height=\"455\" srcset=\"https:\/\/diarioregionaldigital.com.br\/wp-content\/uploads\/2018\/05\/fotoe-1.jpg 3083w, https:\/\/diarioregionaldigital.com.br\/wp-content\/uploads\/2018\/05\/fotoe-1-300x201.jpg 300w, https:\/\/diarioregionaldigital.com.br\/wp-content\/uploads\/2018\/05\/fotoe-1-768x514.jpg 768w, https:\/\/diarioregionaldigital.com.br\/wp-content\/uploads\/2018\/05\/fotoe-1-1024x686.jpg 1024w, https:\/\/diarioregionaldigital.com.br\/wp-content\/uploads\/2018\/05\/fotoe-1-360x241.jpg 360w\" sizes=\"auto, (max-width: 680px) 100vw, 680px\" \/><p id=\"caption-attachment-99194\" class=\"wp-caption-text\">Vereador Marlon Siqueira e o homenageado Jusc\u00e9lio de Bessa Mansur. (Transporte)<\/p><\/div>\n<div id=\"attachment_99195\" style=\"width: 690px\" class=\"wp-caption aligncenter\"><img loading=\"lazy\" decoding=\"async\" aria-describedby=\"caption-attachment-99195\" class=\"wp-image-99195\" src=\"http:\/\/diarioregionaljf.com.br\/wp-content\/uploads\/2018\/05\/fotof.jpg\" alt=\"\" width=\"680\" height=\"466\" srcset=\"https:\/\/diarioregionaldigital.com.br\/wp-content\/uploads\/2018\/05\/fotof.jpg 3029w, https:\/\/diarioregionaldigital.com.br\/wp-content\/uploads\/2018\/05\/fotof-300x206.jpg 300w, https:\/\/diarioregionaldigital.com.br\/wp-content\/uploads\/2018\/05\/fotof-768x526.jpg 768w, https:\/\/diarioregionaldigital.com.br\/wp-content\/uploads\/2018\/05\/fotof-1024x702.jpg 1024w, https:\/\/diarioregionaldigital.com.br\/wp-content\/uploads\/2018\/05\/fotof-360x247.jpg 360w, https:\/\/diarioregionaldigital.com.br\/wp-content\/uploads\/2018\/05\/fotof-100x70.jpg 100w\" sizes=\"auto, (max-width: 680px) 100vw, 680px\" \/><p id=\"caption-attachment-99195\" class=\"wp-caption-text\">Vereador Ant\u00f4nio Aguiar como homenageado Luiz Carlos Ara\u00fajo (Sa\u00fade)<\/p><\/div>\n<div id=\"attachment_99197\" style=\"width: 690px\" class=\"wp-caption aligncenter\"><img loading=\"lazy\" decoding=\"async\" aria-describedby=\"caption-attachment-99197\" class=\"wp-image-99197\" src=\"http:\/\/diarioregionaljf.com.br\/wp-content\/uploads\/2018\/05\/fotog-1.jpg\" alt=\"\" width=\"680\" height=\"473\" srcset=\"https:\/\/diarioregionaldigital.com.br\/wp-content\/uploads\/2018\/05\/fotog-1.jpg 2805w, https:\/\/diarioregionaldigital.com.br\/wp-content\/uploads\/2018\/05\/fotog-1-300x210.jpg 300w, https:\/\/diarioregionaldigital.com.br\/wp-content\/uploads\/2018\/05\/fotog-1-768x534.jpg 768w, https:\/\/diarioregionaldigital.com.br\/wp-content\/uploads\/2018\/05\/fotog-1-1024x712.jpg 1024w, https:\/\/diarioregionaldigital.com.br\/wp-content\/uploads\/2018\/05\/fotog-1-360x250.jpg 360w, https:\/\/diarioregionaldigital.com.br\/wp-content\/uploads\/2018\/05\/fotog-1-100x70.jpg 100w\" sizes=\"auto, (max-width: 680px) 100vw, 680px\" \/><p id=\"caption-attachment-99197\" class=\"wp-caption-text\">Vereador Jos\u00e9 M\u00e1rcio Garotinho com o homenageado Luciano Sobrinho. (Meio Ambiente &#8211; Santa Cruz Shopping)<\/p><\/div>\n<div id=\"attachment_99206\" style=\"width: 690px\" class=\"wp-caption aligncenter\"><img loading=\"lazy\" decoding=\"async\" aria-describedby=\"caption-attachment-99206\" class=\"wp-image-99206\" src=\"http:\/\/diarioregionaljf.com.br\/wp-content\/uploads\/2018\/05\/fotoh-2.jpg\" alt=\"\" width=\"680\" height=\"454\" \/><p id=\"caption-attachment-99206\" class=\"wp-caption-text\">Vereadora Ana Rossignoli e o homenageado Major Silas Florenzano. (Militar e Seguran\u00e7a P\u00fablica)<\/p><\/div>\n<div id=\"attachment_99208\" style=\"width: 690px\" class=\"wp-caption aligncenter\"><img loading=\"lazy\" decoding=\"async\" aria-describedby=\"caption-attachment-99208\" class=\"wp-image-99208\" src=\"http:\/\/diarioregionaljf.com.br\/wp-content\/uploads\/2018\/05\/fotoi-1.jpg\" alt=\"\" width=\"680\" height=\"482\" srcset=\"https:\/\/diarioregionaldigital.com.br\/wp-content\/uploads\/2018\/05\/fotoi-1.jpg 2696w, https:\/\/diarioregionaldigital.com.br\/wp-content\/uploads\/2018\/05\/fotoi-1-300x213.jpg 300w, https:\/\/diarioregionaldigital.com.br\/wp-content\/uploads\/2018\/05\/fotoi-1-768x545.jpg 768w, https:\/\/diarioregionaldigital.com.br\/wp-content\/uploads\/2018\/05\/fotoi-1-1024x726.jpg 1024w, https:\/\/diarioregionaldigital.com.br\/wp-content\/uploads\/2018\/05\/fotoi-1-750x530.jpg 750w, https:\/\/diarioregionaldigital.com.br\/wp-content\/uploads\/2018\/05\/fotoi-1-360x255.jpg 360w, https:\/\/diarioregionaldigital.com.br\/wp-content\/uploads\/2018\/05\/fotoi-1-100x70.jpg 100w\" sizes=\"auto, (max-width: 680px) 100vw, 680px\" \/><p id=\"caption-attachment-99208\" class=\"wp-caption-text\">Vereador Wanderson Castelar e a jornalista Marise Baesso representando a homenageada Daniela Arbex<\/p><\/div>\n<p>&nbsp;<\/p>\n<p style=\"text-align: center;\"><strong>FOTOSS\u00cdNTESE<\/strong><\/p>\n<p>Aniversariando na 2\u00aa feira, 7 de maio, a elegante 1\u00aa dama da By Candy, Nayara Netto.<\/p>\n<p>Em megaestilo, a Igreja em todo o mundo celebra o 52\u00ba Dia Mundial das Comunica\u00e7\u00f5es, lembrado em 13 de maio. A mensagem do Papa Francisco para este ano tem como tema \u201cFake news e jornalismo de paz\u201d.<\/p>\n<p>Bonito e disciplinado, Luan Ottoni Lokkerbol vai representar Matias Barbosa no Concurso Mister Minas Gerais Unificado, nos dias 14, 15 e 16 de junho, na cidade de Mutum (MG).<\/p>\n<p>O calend\u00e1rio aponta o dia 8 de junho para o bel\u00edssimo show do cantor Lenine no Cine-Theatro Central com sua nova turn\u00ea \u201cLenine Em Tr\u00e2nsito\u201d.<\/p>\n<p>O Miss Brasil Gay ser\u00e1 realizado no dia 18 de agosto no Terrazzo. O evento deslumbrante j\u00e1 est\u00e1 em capta\u00e7\u00e3o de recursos, contrata\u00e7\u00e3o de artistas e na escolha das 27 candidatas em todos estados do pa\u00eds. Apoio deste colunista.<\/p>\n<p>Mobiliza\u00e7\u00e3o total no circuito social para a Feijoada 2018 \u2013 Rumo ao Ouro, espetacular evento promovido pelo colunista C\u00e9sar Romero, dia 9 de junho, no Capit\u00f3lio. Cobertura deste colunista. Reservas de camisas pelo fone: 3215-3123.<\/p>\n<p>Ser\u00e1 comemorado em 18 de outubro, \u201cDia e Semana municipal de combate \u00e0 viol\u00eancia contra professores e educadores nas escolas\u201d. A lei, inclu\u00edda no calend\u00e1rio oficial de Juiz de Fora, saiu no Di\u00e1rio Oficial.<\/p>\n<p>Din\u00e2mico e dedicado \u00e0 sa\u00fade, o presidente da Santa Casa, Renato Villela Loures, recebeu o diploma de \u201cColaborador Em\u00e9rito do Ex\u00e9rcito\u201d, do comandante da 4\u00aa Brigada do Ex\u00e9rcito, general Carlos Andr\u00e9 Alc\u00e2ntara Leite.<\/p>\n<p>Est\u00e3o seguindo para Niter\u00f3i os bonit\u00f5es M\u00e1rcio Marques e Ricardo Alex Souza. Estar\u00e3o curtindo as praias e bares locais na capital do Rio de Janeiro.<\/p>\n<p>Foi no Centro Cultural Dnar Rocha o primeiro Festival de sorvete do Programa Gente em Primeiro Lugar. Ponto para a coordenadora Onelly Teixeira.<\/p>\n<p>O juiz-forano Eduardo Lucas lan\u00e7ou sua pr\u00e9-candidatura a vice-governador de Minas na chapa de Jo\u00e3o Batista Mares Guia.<\/p>\n<p>A elegante Myrliane Le\u00e3o est\u00e1 assessorando a Closet 601, na rua Santo Ant\u00f4nio, das elegantes Carla Abreu e da filha Luciane.<\/p>\n<p>A din\u00e2mica Camila Garcia Matos foi eleita em assembleia a nova s\u00edndica do Santa Cruz Shopping. Ela ser\u00e1 assessorada pelo escrit\u00f3rio Delgado, Sagioro e Decnop Advogados Associados.<\/p>\n<p>Aten\u00e7\u00e3o Brother: Voc\u00ea se torna mais forte quando percebe que consegue levantar sem pedir ajuda. Bom dia.<\/p>\n","protected":false},"excerpt":{"rendered":"<p>Ele Merece Foi com muitos aplausos a despedida de Luciano Sobrinho como s\u00edndico do Santa Cruz Shopping. Antes de deixar o comando do Santa Cruz Shopping, Luciano Sobrinho, al\u00e9m de v\u00e1rias realiza\u00e7\u00f5es, lan\u00e7ou um projeto social no Shopping. Ele aproveitou uma \u00e1rea no terra\u00e7o e montou uma horta para que alunos das escolas p\u00fablicas pratiquem [&hellip;]<\/p>\n","protected":false},"author":96,"featured_media":99190,"comment_status":"closed","ping_status":"closed","sticky":false,"template":"","format":"standard","meta":{"footnotes":""},"categories":[264],"tags":[],"class_list":["post-99260","post","type-post","status-publish","format-standard","has-post-thumbnail","hentry","category-eduardo-gomes"],"_links":{"self":[{"href":"https:\/\/diarioregionaldigital.com.br\/index.php?rest_route=\/wp\/v2\/posts\/99260","targetHints":{"allow":["GET"]}}],"collection":[{"href":"https:\/\/diarioregionaldigital.com.br\/index.php?rest_route=\/wp\/v2\/posts"}],"about":[{"href":"https:\/\/diarioregionaldigital.com.br\/index.php?rest_route=\/wp\/v2\/types\/post"}],"author":[{"embeddable":true,"href":"https:\/\/diarioregionaldigital.com.br\/index.php?rest_route=\/wp\/v2\/users\/96"}],"replies":[{"embeddable":true,"href":"https:\/\/diarioregionaldigital.com.br\/index.php?rest_route=%2Fwp%2Fv2%2Fcomments&post=99260"}],"version-history":[{"count":0,"href":"https:\/\/diarioregionaldigital.com.br\/index.php?rest_route=\/wp\/v2\/posts\/99260\/revisions"}],"wp:featuredmedia":[{"embeddable":true,"href":"https:\/\/diarioregionaldigital.com.br\/index.php?rest_route=\/wp\/v2\/media\/99190"}],"wp:attachment":[{"href":"https:\/\/diarioregionaldigital.com.br\/index.php?rest_route=%2Fwp%2Fv2%2Fmedia&parent=99260"}],"wp:term":[{"taxonomy":"category","embeddable":true,"href":"https:\/\/diarioregionaldigital.com.br\/index.php?rest_route=%2Fwp%2Fv2%2Fcategories&post=99260"},{"taxonomy":"post_tag","embeddable":true,"href":"https:\/\/diarioregionaldigital.com.br\/index.php?rest_route=%2Fwp%2Fv2%2Ftags&post=99260"}],"curies":[{"name":"wp","href":"https:\/\/api.w.org\/{rel}","templated":true}]}}