{"id":99236,"date":"2018-05-04T18:50:19","date_gmt":"2018-05-04T21:50:19","guid":{"rendered":"http:\/\/diarioregionaljf.com.br\/?p=99236"},"modified":"2018-05-04T18:50:19","modified_gmt":"2018-05-04T21:50:19","slug":"governo-anuncia-deficit-da-previdencia-r201-bilhoes","status":"publish","type":"post","link":"https:\/\/diarioregionaldigital.com.br\/?p=99236","title":{"rendered":"Governo anuncia d\u00e9ficit da Previd\u00eancia R$20,1 bilh\u00f5es"},"content":{"rendered":"<p>O Regime Geral de Previd\u00eancia Social registrou, em mar\u00e7o, d\u00e9ficit de R$20,1 bilh\u00f5es, segundo o Governo Federal. No mesmo m\u00eas do ano passado, o d\u00e9ficit havia sido R$13,3 bilh\u00f5es. O aumento de 51,4% \u00e9 justificado, em parte, pelo pagamento de precat\u00f3rios nesse m\u00eas, o que elevou a despesa em 16%. Foram R$49,6 bilh\u00f5es no total. Somente com pagamento de precat\u00f3rios foram gastos cerca de R$5 bilh\u00f5es. J\u00e1 a arrecada\u00e7\u00e3o se manteve est\u00e1vel em rela\u00e7\u00e3o a mar\u00e7o do ano passado e foi de R$29,4 bilh\u00f5es.<\/p>\n<p>No acumulado do primeiro trimestre, o d\u00e9ficit da Previd\u00eancia chega a R$49,1 bilh\u00f5es \u2013 20,5% maior que no mesmo per\u00edodo do ano passado. A arrecada\u00e7\u00e3o soma R$88,4 bilh\u00f5es e a despesa, R$137,5 bilh\u00f5es.<\/p>\n<p>Os n\u00fameros est\u00e3o corrigidos pelo INPC. O valor do d\u00e9ficit leva em conta o pagamento de senten\u00e7as judiciais, a Compensa\u00e7\u00e3o Previdenci\u00e1ria (Comprev) entre o INSS e os Regimes Pr\u00f3prios de Previd\u00eancia Social (RPPS) de estados e munic\u00edpios, al\u00e9m das ren\u00fancias previdenci\u00e1rias (Simples Nacional, entidades filantr\u00f3picas, microempreendedor individual e exporta\u00e7\u00e3o da produ\u00e7\u00e3o rural).<\/p>\n<p>&nbsp;<\/p>\n<p><strong>Urbano<\/strong><\/p>\n<p>&nbsp;<\/p>\n<p>Em mar\u00e7o, a previd\u00eancia urbana teve d\u00e9ficit de R$10,4 bilh\u00f5es \u2013 o valor \u00e9 122,7% maior que no mesmo m\u00eas de 2017. A justificativa est\u00e1 no pagamento de precat\u00f3rios, que aumentou os gastos em 16,8%. A despesa passou de R$33,5 bilh\u00f5es em mar\u00e7o de 2017 para R$39,1 bilh\u00f5es no mesmo m\u00eas em 2018. A arrecada\u00e7\u00e3o ficou est\u00e1vel em R$28,7 bilh\u00f5es.<\/p>\n<p>O setor rural apresentou d\u00e9ficit, em mar\u00e7o, de R$9,7 bilh\u00f5es, resultado de uma arrecada\u00e7\u00e3o de R$754,6 milh\u00f5es e despesa com pagamento de benef\u00edcios de R$10,5 bilh\u00f5es. A arrecada\u00e7\u00e3o foi 15,7% maior do que a registrada em mar\u00e7o de 2017 e a despesa com benef\u00edcios, 12,9% maior.<\/p>\n<p>&nbsp;<\/p>\n<p><strong>Benef\u00edcios<\/strong><\/p>\n<p>&nbsp;<\/p>\n<p>Em mar\u00e7o de 2018, a Previd\u00eancia Social pagou 34,6 milh\u00f5es de benef\u00edcios, sendo 29,9 milh\u00f5es previdenci\u00e1rios e acident\u00e1rios e, os demais, assistenciais. Houve eleva\u00e7\u00e3o de 2,2% em compara\u00e7\u00e3o com o mesmo m\u00eas de 2017. Os benef\u00edcios de aposentadoria somaram 20,1 milh\u00f5es. E as pens\u00f5es, 7,8 milh\u00f5es.<\/p>\n<p>O valor m\u00e9dio dos benef\u00edcios pagos pela Previd\u00eancia em mar\u00e7o deste ano foi de R$1.269,63. Em rela\u00e7\u00e3o ao mesmo per\u00edodo de 2011, houve crescimento de 10,2%. A maior parte dos benef\u00edcios (67,1%) \u2013 inclu\u00eddos assistenciais \u2013 pagos, em mar\u00e7o deste ano, tinha valor de at\u00e9 um sal\u00e1rio m\u00ednimo, contingente de 23,2 milh\u00f5es de benefici\u00e1rios diretos.<\/p>\n<p>&nbsp;<\/p>\n","protected":false},"excerpt":{"rendered":"<p>O Regime Geral de Previd\u00eancia Social registrou, em mar\u00e7o, d\u00e9ficit de R$20,1 bilh\u00f5es, segundo o Governo Federal. No mesmo m\u00eas do ano passado, o d\u00e9ficit havia sido R$13,3 bilh\u00f5es. O aumento de 51,4% \u00e9 justificado, em parte, pelo pagamento de precat\u00f3rios nesse m\u00eas, o que elevou a despesa em 16%. Foram R$49,6 bilh\u00f5es no total. [&hellip;]<\/p>\n","protected":false},"author":96,"featured_media":99238,"comment_status":"closed","ping_status":"closed","sticky":false,"template":"","format":"standard","meta":{"footnotes":""},"categories":[261,439],"tags":[],"class_list":["post-99236","post","type-post","status-publish","format-standard","has-post-thumbnail","hentry","category-economia","category-ultima-hora"],"_links":{"self":[{"href":"https:\/\/diarioregionaldigital.com.br\/index.php?rest_route=\/wp\/v2\/posts\/99236","targetHints":{"allow":["GET"]}}],"collection":[{"href":"https:\/\/diarioregionaldigital.com.br\/index.php?rest_route=\/wp\/v2\/posts"}],"about":[{"href":"https:\/\/diarioregionaldigital.com.br\/index.php?rest_route=\/wp\/v2\/types\/post"}],"author":[{"embeddable":true,"href":"https:\/\/diarioregionaldigital.com.br\/index.php?rest_route=\/wp\/v2\/users\/96"}],"replies":[{"embeddable":true,"href":"https:\/\/diarioregionaldigital.com.br\/index.php?rest_route=%2Fwp%2Fv2%2Fcomments&post=99236"}],"version-history":[{"count":0,"href":"https:\/\/diarioregionaldigital.com.br\/index.php?rest_route=\/wp\/v2\/posts\/99236\/revisions"}],"wp:featuredmedia":[{"embeddable":true,"href":"https:\/\/diarioregionaldigital.com.br\/index.php?rest_route=\/wp\/v2\/media\/99238"}],"wp:attachment":[{"href":"https:\/\/diarioregionaldigital.com.br\/index.php?rest_route=%2Fwp%2Fv2%2Fmedia&parent=99236"}],"wp:term":[{"taxonomy":"category","embeddable":true,"href":"https:\/\/diarioregionaldigital.com.br\/index.php?rest_route=%2Fwp%2Fv2%2Fcategories&post=99236"},{"taxonomy":"post_tag","embeddable":true,"href":"https:\/\/diarioregionaldigital.com.br\/index.php?rest_route=%2Fwp%2Fv2%2Ftags&post=99236"}],"curies":[{"name":"wp","href":"https:\/\/api.w.org\/{rel}","templated":true}]}}