{"id":99233,"date":"2018-05-06T06:00:15","date_gmt":"2018-05-06T09:00:15","guid":{"rendered":"http:\/\/diarioregionaljf.com.br\/?p=99233"},"modified":"2018-05-04T18:57:06","modified_gmt":"2018-05-04T21:57:06","slug":"escadas","status":"publish","type":"post","link":"https:\/\/diarioregionaldigital.com.br\/?p=99233","title":{"rendered":"Escadas"},"content":{"rendered":"<p>As casas de dois andares apresentam uma s\u00e9rie de vantagens sobre as casas lineares: ocupam menos espa\u00e7o no terreno, deixando mais \u00e1rea livre para o lazer, jardim, quintal; permitem mais recursos volum\u00e9tricos e est\u00e9ticos para se criar uma fachada mais agrad\u00e1vel e atraente; possibilitam uma melhor separa\u00e7\u00e3o entre as \u00e1reas \u00edntimas e sociais\/servi\u00e7o; t\u00eam menor custo de constru\u00e7\u00e3o por metro quadrado.<\/p>\n<p>Entretanto, h\u00e1 um elemento espec\u00edfico nesse tipo de constru\u00e7\u00e3o que costuma deixar as pessoas com um p\u00e9 atr\u00e1s: a escada.<\/p>\n<p>&#8211; E quando eu ficar velhinho?<\/p>\n<p>&#8211; E se eu me acidentar e n\u00e3o puder subir e descer?<\/p>\n<p>&#8211; Escadas enfeiam a casa!<\/p>\n<p>&#8211; Elas fazem perder muito espa\u00e7o.<\/p>\n<p>Sem d\u00favida, todo projeto \u00e9 \u00fanico, pois tem que atender as necessidades espec\u00edficas do usu\u00e1rio do espa\u00e7o, por isso nem sempre a casa de dois pavimentos seria a melhor op\u00e7\u00e3o&#8230; mas fazer uma casa de um pavimento por falta de op\u00e7\u00e3o ou limita\u00e7\u00e3o de conhecimento \u00e9 uma l\u00e1stima.<\/p>\n<p>Para quest\u00f5es de acessibilidade e dificuldade de locomo\u00e7\u00e3o, por exemplo, h\u00e1 v\u00e1rias solu\u00e7\u00f5es. Uma delas seria um elevador PNE (Pessoas com Necessidades Especiais). Por incr\u00edvel que pare\u00e7a, com o dinheiro economizado na constru\u00e7\u00e3o de dois andares em detrimento da op\u00e7\u00e3o de um pavimento, daria para instalar esse equipamento e ainda sobraria para o churrasco de inaugura\u00e7\u00e3o.<\/p>\n<p>Outra solu\u00e7\u00e3o seria criar um escrit\u00f3rio revers\u00edvel no primeiro andar.<\/p>\n<p>Mas, voltando ao b\u00e1sico, as escadas bem projetadas resolvem as quest\u00f5es de \u201cperda de espa\u00e7o\u201d e podem facilmente ser um elemento de destaque da resid\u00eancia. Para isso servem os bons arquitetos.<\/p>\n<p>Inspire-se, a seguir, com algumas dicas de escadas que poder\u00e3o se tornar a \u201catra\u00e7\u00e3o tur\u00edstica\u201d da sua casa.<\/p>\n<p><strong>\u00a0<\/strong><\/p>\n<p><strong>COMENT\u00c1RIOS<\/strong><\/p>\n<p><strong>Escada Enclausurada<\/strong><\/p>\n<p>As escadas em \u201cU\u201d, quando fechadas por paredes, criam uma sensa\u00e7\u00e3o de claustro e deixam a subida mais cansativa. Aqui, o jogo de cheios e vazios transformou essa escada, teoricamente comum, em um elemento escult\u00f3rico diferenciado.<\/p>\n<p><img loading=\"lazy\" decoding=\"async\" class=\"alignnone size-full wp-image-99234\" src=\"http:\/\/diarioregionaljf.com.br\/wp-content\/uploads\/2018\/05\/escadaum.jpg\" alt=\"\" width=\"564\" height=\"846\" srcset=\"https:\/\/diarioregionaldigital.com.br\/wp-content\/uploads\/2018\/05\/escadaum.jpg 564w, https:\/\/diarioregionaldigital.com.br\/wp-content\/uploads\/2018\/05\/escadaum-200x300.jpg 200w, https:\/\/diarioregionaldigital.com.br\/wp-content\/uploads\/2018\/05\/escadaum-360x540.jpg 360w\" sizes=\"auto, (max-width: 564px) 100vw, 564px\" \/><\/p>\n<p>&nbsp;<\/p>\n<p><strong>Escada ou arm\u00e1rio<\/strong><\/p>\n<p>Por que n\u00e3o transformar o \u201cespa\u00e7o perdido\u201d sob as escadas em um arm\u00e1rio, roupeiro ou jardim?<\/p>\n<p><img loading=\"lazy\" decoding=\"async\" class=\"size-full wp-image-99235 aligncenter\" src=\"http:\/\/diarioregionaljf.com.br\/wp-content\/uploads\/2018\/05\/escadadois.jpg\" alt=\"\" width=\"502\" height=\"740\" srcset=\"https:\/\/diarioregionaldigital.com.br\/wp-content\/uploads\/2018\/05\/escadadois.jpg 502w, https:\/\/diarioregionaldigital.com.br\/wp-content\/uploads\/2018\/05\/escadadois-204x300.jpg 204w, https:\/\/diarioregionaldigital.com.br\/wp-content\/uploads\/2018\/05\/escadadois-360x531.jpg 360w\" sizes=\"auto, (max-width: 502px) 100vw, 502px\" \/><\/p>\n<p>&nbsp;<\/p>\n<p><strong>Guerra com a est\u00e9tica<\/strong><\/p>\n<p>A escada caracol (helicoidal) \u00e9 um \u00f3timo recurso para quando n\u00e3o se tem muito espa\u00e7o para a instala\u00e7\u00e3o de uma escada. E n\u00e3o \u00e9 porque tinha fun\u00e7\u00f5es militares que precisamos guerrear com a est\u00e9tica, n\u00e3o \u00e9?<\/p>\n<p><img loading=\"lazy\" decoding=\"async\" class=\"alignnone size-full wp-image-99237\" src=\"http:\/\/diarioregionaljf.com.br\/wp-content\/uploads\/2018\/05\/escadatres.jpg\" alt=\"\" width=\"564\" height=\"845\" srcset=\"https:\/\/diarioregionaldigital.com.br\/wp-content\/uploads\/2018\/05\/escadatres.jpg 564w, https:\/\/diarioregionaldigital.com.br\/wp-content\/uploads\/2018\/05\/escadatres-200x300.jpg 200w, https:\/\/diarioregionaldigital.com.br\/wp-content\/uploads\/2018\/05\/escadatres-360x539.jpg 360w\" sizes=\"auto, (max-width: 564px) 100vw, 564px\" \/><\/p>\n<p>&nbsp;<\/p>\n<p><strong>Escada Santos Dumont<\/strong><\/p>\n<p>Esse tipo de escada \u00e9 um bom recurso para que n\u00e3o tem muito espa\u00e7o horizontal para o desenvolvimento dos degraus. S\u00f3 n\u00e3o \u00e9 muito recomendado se for um lugar de fluxo constante, j\u00e1 que n\u00e3o \u00e9 t\u00e3o segura e confort\u00e1vel.<\/p>\n<p><img loading=\"lazy\" decoding=\"async\" class=\"size-full wp-image-99240 aligncenter\" src=\"http:\/\/diarioregionaljf.com.br\/wp-content\/uploads\/2018\/05\/escadaquatro.jpg\" alt=\"\" width=\"564\" height=\"634\" srcset=\"https:\/\/diarioregionaldigital.com.br\/wp-content\/uploads\/2018\/05\/escadaquatro.jpg 564w, https:\/\/diarioregionaldigital.com.br\/wp-content\/uploads\/2018\/05\/escadaquatro-267x300.jpg 267w, https:\/\/diarioregionaldigital.com.br\/wp-content\/uploads\/2018\/05\/escadaquatro-360x405.jpg 360w\" sizes=\"auto, (max-width: 564px) 100vw, 564px\" \/><\/p>\n<p>&nbsp;<\/p>\n<p><strong>Reta n\u00e3o \u00e9 chata<\/strong><\/p>\n<p>E quem disse que as escadas lineares precisam sempre ter a mesma cara?<\/p>\n<p><img loading=\"lazy\" decoding=\"async\" class=\"alignnone size-full wp-image-99241\" src=\"http:\/\/diarioregionaljf.com.br\/wp-content\/uploads\/2018\/05\/escadacinco.jpg\" alt=\"\" width=\"564\" height=\"910\" srcset=\"https:\/\/diarioregionaldigital.com.br\/wp-content\/uploads\/2018\/05\/escadacinco.jpg 564w, https:\/\/diarioregionaldigital.com.br\/wp-content\/uploads\/2018\/05\/escadacinco-186x300.jpg 186w, https:\/\/diarioregionaldigital.com.br\/wp-content\/uploads\/2018\/05\/escadacinco-360x581.jpg 360w\" sizes=\"auto, (max-width: 564px) 100vw, 564px\" \/><\/p>\n<p>&nbsp;<\/p>\n<p><strong>Primeira pisada<\/strong><\/p>\n<p>Com uma primeira pisada diferenciada, a escada passa a ser um convite \u00e0 circula\u00e7\u00e3o.<br \/>\n<img loading=\"lazy\" decoding=\"async\" class=\"alignnone size-full wp-image-99242\" src=\"http:\/\/diarioregionaljf.com.br\/wp-content\/uploads\/2018\/05\/escadaseis.jpg\" alt=\"\" width=\"564\" height=\"377\" srcset=\"https:\/\/diarioregionaldigital.com.br\/wp-content\/uploads\/2018\/05\/escadaseis.jpg 564w, https:\/\/diarioregionaldigital.com.br\/wp-content\/uploads\/2018\/05\/escadaseis-300x201.jpg 300w, https:\/\/diarioregionaldigital.com.br\/wp-content\/uploads\/2018\/05\/escadaseis-360x241.jpg 360w\" sizes=\"auto, (max-width: 564px) 100vw, 564px\" \/><\/p>\n<p>&nbsp;<\/p>\n<p><strong>Escada Plissada<\/strong><\/p>\n<p>Um detalhe simples faz toda a diferen\u00e7a. Esse tipo de escada tem \u201cdegraus\u201d tamb\u00e9m na parte debaixo.<\/p>\n<p><img loading=\"lazy\" decoding=\"async\" class=\"size-full wp-image-99243 aligncenter\" src=\"http:\/\/diarioregionaljf.com.br\/wp-content\/uploads\/2018\/05\/escadasete.jpg\" alt=\"\" width=\"345\" height=\"517\" srcset=\"https:\/\/diarioregionaldigital.com.br\/wp-content\/uploads\/2018\/05\/escadasete.jpg 345w, https:\/\/diarioregionaldigital.com.br\/wp-content\/uploads\/2018\/05\/escadasete-200x300.jpg 200w\" sizes=\"auto, (max-width: 345px) 100vw, 345px\" \/><\/p>\n<p>&nbsp;<\/p>\n<p><strong>Escada de revista<\/strong><\/p>\n<p>Falar o que, n\u00e9?<\/p>\n<p><img loading=\"lazy\" decoding=\"async\" class=\"size-full wp-image-99247 aligncenter\" src=\"http:\/\/diarioregionaljf.com.br\/wp-content\/uploads\/2018\/05\/escadaoito.jpg\" alt=\"\" width=\"564\" height=\"1002\" srcset=\"https:\/\/diarioregionaldigital.com.br\/wp-content\/uploads\/2018\/05\/escadaoito.jpg 564w, https:\/\/diarioregionaldigital.com.br\/wp-content\/uploads\/2018\/05\/escadaoito-169x300.jpg 169w, https:\/\/diarioregionaldigital.com.br\/wp-content\/uploads\/2018\/05\/escadaoito-360x640.jpg 360w\" sizes=\"auto, (max-width: 564px) 100vw, 564px\" \/><\/p>\n<p>&nbsp;<\/p>\n<p><strong>CURIOSIDADE<\/strong><\/p>\n<p>Atualmente, a escada caracol (ou escada helicoidal) \u00e9 uma estrutura coringa para economizar espa\u00e7o quando se precisa ir de um andar ao outro dentro de uma mesma unidade.<\/p>\n<p>Mas sabia que antes disso esse tipo de escada desempenhava uma fun\u00e7\u00e3o militar?<\/p>\n<p>Elas levavam ao topo das torres, que muitas vezes eram o \u00faltimo ref\u00fagio em caso de invas\u00e3o do castelo.<\/p>\n<p>Para cumprir bem essa fun\u00e7\u00e3o de defesa, ela deveria atender a dois requisitos: ser estreita e subir no sentido hor\u00e1rio.<\/p>\n<p>Sendo estreitas s\u00f3 permitiam a passagem de uma pessoa por vez: isso garantia que o defensor n\u00e3o fosse atacado por mais de um soldado ao mesmo tempo, fazendo com que a luta fosse sempre &#8220;mano a mano&#8221;, independente do contingente do ex\u00e9rcito inimigo.<\/p>\n<p>E sabe por que deveriam subir no sentido hor\u00e1rio?<\/p>\n<p>Isso \u00e9 um segredo militar! Mas, se quer descobrir, acesse aqui: www.facebook.com\/fengshuidefinitivo<\/p>\n<p>&nbsp;<\/p>\n<p><strong>Para sugest\u00f5es e informa\u00e7\u00f5es:<br \/>\n<\/strong>(32) 99103-1405<\/p>\n<p>&nbsp;<\/p>\n","protected":false},"excerpt":{"rendered":"<p>As casas de dois andares apresentam uma s\u00e9rie de vantagens sobre as casas lineares: ocupam menos espa\u00e7o no terreno, deixando mais \u00e1rea livre para o lazer, jardim, quintal; permitem mais recursos volum\u00e9tricos e est\u00e9ticos para se criar uma fachada mais agrad\u00e1vel e atraente; possibilitam uma melhor separa\u00e7\u00e3o entre as \u00e1reas \u00edntimas e sociais\/servi\u00e7o; t\u00eam menor [&hellip;]<\/p>\n","protected":false},"author":96,"featured_media":99242,"comment_status":"closed","ping_status":"closed","sticky":false,"template":"","format":"standard","meta":{"footnotes":""},"categories":[287],"tags":[],"class_list":["post-99233","post","type-post","status-publish","format-standard","has-post-thumbnail","hentry","category-arquitetura-fabiano-teixeira"],"_links":{"self":[{"href":"https:\/\/diarioregionaldigital.com.br\/index.php?rest_route=\/wp\/v2\/posts\/99233","targetHints":{"allow":["GET"]}}],"collection":[{"href":"https:\/\/diarioregionaldigital.com.br\/index.php?rest_route=\/wp\/v2\/posts"}],"about":[{"href":"https:\/\/diarioregionaldigital.com.br\/index.php?rest_route=\/wp\/v2\/types\/post"}],"author":[{"embeddable":true,"href":"https:\/\/diarioregionaldigital.com.br\/index.php?rest_route=\/wp\/v2\/users\/96"}],"replies":[{"embeddable":true,"href":"https:\/\/diarioregionaldigital.com.br\/index.php?rest_route=%2Fwp%2Fv2%2Fcomments&post=99233"}],"version-history":[{"count":0,"href":"https:\/\/diarioregionaldigital.com.br\/index.php?rest_route=\/wp\/v2\/posts\/99233\/revisions"}],"wp:featuredmedia":[{"embeddable":true,"href":"https:\/\/diarioregionaldigital.com.br\/index.php?rest_route=\/wp\/v2\/media\/99242"}],"wp:attachment":[{"href":"https:\/\/diarioregionaldigital.com.br\/index.php?rest_route=%2Fwp%2Fv2%2Fmedia&parent=99233"}],"wp:term":[{"taxonomy":"category","embeddable":true,"href":"https:\/\/diarioregionaldigital.com.br\/index.php?rest_route=%2Fwp%2Fv2%2Fcategories&post=99233"},{"taxonomy":"post_tag","embeddable":true,"href":"https:\/\/diarioregionaldigital.com.br\/index.php?rest_route=%2Fwp%2Fv2%2Ftags&post=99233"}],"curies":[{"name":"wp","href":"https:\/\/api.w.org\/{rel}","templated":true}]}}