{"id":99229,"date":"2018-05-06T06:00:03","date_gmt":"2018-05-06T09:00:03","guid":{"rendered":"http:\/\/diarioregionaljf.com.br\/?p=99229"},"modified":"2018-05-04T18:37:27","modified_gmt":"2018-05-04T21:37:27","slug":"a-perda-de-um-irmao-e-a-poesia","status":"publish","type":"post","link":"https:\/\/diarioregionaldigital.com.br\/?p=99229","title":{"rendered":"A perda de um irm\u00e3o e a poesia"},"content":{"rendered":"<p>Perder um irm\u00e3o querido representa um verdadeiro sofrimento. Foi o que aconteceu na semana passada, quando se foi o estimado J\u00falio, exemplo de lutador e intelectual de primeira ordem. Exerceu forte milit\u00e2ncia na pol\u00edtica estudantil e chegou a ser diretor da UME (Uni\u00e3o Metropolitana de Estudantes). Foi o fundador do jornal \u201cNovos Rumos\u201d, que tinha grande circula\u00e7\u00e3o entre os estudantes.<\/p>\n<p>Formado em engenharia el\u00e9trica, durante muitos anos trabalhou no escrit\u00f3rio de Oscar Niemeyer. Nessa condi\u00e7\u00e3o, acabou sendo contratado por Adolpho Bloch para colaborar na constru\u00e7\u00e3o do Edif\u00edcio Manchete. Numa reuni\u00e3o com Niemeyer, Adolpho Bloch foi apresentado a J\u00falio e gostou dele: \u201cEu n\u00e3o sabia que voc\u00ea tinha um irm\u00e3o t\u00e3o inteligente\u201d. Era bem o estilo do fundador da Manchete.<\/p>\n<p>Leitor voraz dos cl\u00e1ssicos da literatura, especialista em franc\u00eas, idioma que dominava plenamente, meu irm\u00e3o tinha predile\u00e7\u00e3o pelo canto e fez parte do Coral Israelita Brasileiro, com a sua bonita voz de tenor.<\/p>\n<p>No enterro, uma das filhas leu poesia de L\u00eado Ivo, que ele guardava junto aos seus livros. O t\u00edtulo \u00e9 \u201cMontepio\u201d e vale a pena recordar alguns trechos mais significativos:<\/p>\n<p>\u201cQue heran\u00e7a transmite o pai a seu filho? N\u00e3o lhe deixa casa ou sombra de ap\u00f3lice nem tampouco o sujo de seu colarinho. N\u00e3o lhe lega a velha mala das viagens nem os seus amores e as suas bobagens. E as roupas do pai que a chuva encolheu no filho n\u00e3o cabem. Com pau seco e fogo o pai de resina arma o seu legado. Deixa a fogueira que ele fez sozinho no escuro da mata.<\/p>\n<p>(&#8230;) E antes de mudar-se de suor em musgo o pai d\u00e1 ao filho como p\u00e9-de-meia algo da paisagem &#8211; sobra de pupila, moeda de l\u00e1grimas. Deixa-lhe o balaio cheio de apetrechos e o jeito de andar com as m\u00e3os \u00e0s costas. Para o filho, passa todo o seu cansa\u00e7o, suas promiss\u00f3rias e seu olhar ba\u00e7o.<\/p>\n<p>(&#8230;) O pai d\u00e1 ao filho o ninho vazio achado no bosque e a raposa morta por sua espingarda. D\u00e1-lhe a sua an\u00f4nima grandeza do nada. Sua heran\u00e7a \u00e9 o frio que sentiu rapaz quando impaludado. D\u00e1-lhe a lua imensa na noite azulada. Estende-lhe as m\u00e3os sujas de carv\u00e3o molhadas de orvalho. Fala-lhe da dor que sente nos calos.<\/p>\n<p>(&#8230;) Ser pai \u00e9 ensinar ao filho curioso o nome de tudo: bicho e p\u00e9 de pau. Que o pai, quando morre, deixa para o filho o seu montepio &#8211; tudo o que juntou de manh\u00e3 \u00e0 noite no batente, dando duro no trabalho. Deixa-lhe palavras.\u201d<\/p>\n<p>Todas as experi\u00eancias de vida somadas \u00e0 valoriza\u00e7\u00e3o do trabalho e da fam\u00edlia s\u00e3o a heran\u00e7a maior que um pai pode deixar a seus filhos por meio do di\u00e1logo e do exemplo.<\/p>\n","protected":false},"excerpt":{"rendered":"<p>Perder um irm\u00e3o querido representa um verdadeiro sofrimento. Foi o que aconteceu na semana passada, quando se foi o estimado J\u00falio, exemplo de lutador e intelectual de primeira ordem. Exerceu forte milit\u00e2ncia na pol\u00edtica estudantil e chegou a ser diretor da UME (Uni\u00e3o Metropolitana de Estudantes). Foi o fundador do jornal \u201cNovos Rumos\u201d, que tinha [&hellip;]<\/p>\n","protected":false},"author":96,"featured_media":96753,"comment_status":"closed","ping_status":"closed","sticky":false,"template":"","format":"standard","meta":{"footnotes":""},"categories":[275],"tags":[],"class_list":["post-99229","post","type-post","status-publish","format-standard","has-post-thumbnail","hentry","category-arnaldo-niskier"],"_links":{"self":[{"href":"https:\/\/diarioregionaldigital.com.br\/index.php?rest_route=\/wp\/v2\/posts\/99229","targetHints":{"allow":["GET"]}}],"collection":[{"href":"https:\/\/diarioregionaldigital.com.br\/index.php?rest_route=\/wp\/v2\/posts"}],"about":[{"href":"https:\/\/diarioregionaldigital.com.br\/index.php?rest_route=\/wp\/v2\/types\/post"}],"author":[{"embeddable":true,"href":"https:\/\/diarioregionaldigital.com.br\/index.php?rest_route=\/wp\/v2\/users\/96"}],"replies":[{"embeddable":true,"href":"https:\/\/diarioregionaldigital.com.br\/index.php?rest_route=%2Fwp%2Fv2%2Fcomments&post=99229"}],"version-history":[{"count":0,"href":"https:\/\/diarioregionaldigital.com.br\/index.php?rest_route=\/wp\/v2\/posts\/99229\/revisions"}],"wp:featuredmedia":[{"embeddable":true,"href":"https:\/\/diarioregionaldigital.com.br\/index.php?rest_route=\/wp\/v2\/media\/96753"}],"wp:attachment":[{"href":"https:\/\/diarioregionaldigital.com.br\/index.php?rest_route=%2Fwp%2Fv2%2Fmedia&parent=99229"}],"wp:term":[{"taxonomy":"category","embeddable":true,"href":"https:\/\/diarioregionaldigital.com.br\/index.php?rest_route=%2Fwp%2Fv2%2Fcategories&post=99229"},{"taxonomy":"post_tag","embeddable":true,"href":"https:\/\/diarioregionaldigital.com.br\/index.php?rest_route=%2Fwp%2Fv2%2Ftags&post=99229"}],"curies":[{"name":"wp","href":"https:\/\/api.w.org\/{rel}","templated":true}]}}