{"id":99225,"date":"2018-05-04T18:24:08","date_gmt":"2018-05-04T21:24:08","guid":{"rendered":"http:\/\/diarioregionaljf.com.br\/?p=99225"},"modified":"2018-05-04T18:24:08","modified_gmt":"2018-05-04T21:24:08","slug":"voto-impresso-estara-disponivel-em-23-mil-urnas-na-eleicao-de-outubro","status":"publish","type":"post","link":"https:\/\/diarioregionaldigital.com.br\/?p=99225","title":{"rendered":"Voto impresso estar\u00e1 dispon\u00edvel em 23 mil urnas na elei\u00e7\u00e3o de outubro"},"content":{"rendered":"<p>O Tribunal Superior Eleitoral (TSE) aprovou, em sess\u00e3o administrativa nessa quinta-feira, 3, a resolu\u00e7\u00e3o que define as regras para implanta\u00e7\u00e3o gradual do voto impresso, que come\u00e7ar\u00e1 nas elei\u00e7\u00f5es\u00a0gerais de outubro deste ano. Ao todo, 23 mil urnas eletr\u00f4nicas, todas equipadas com um m\u00f3dulo de impress\u00e3o, ser\u00e3o distribu\u00eddas de forma proporcional ao eleitorado de cada unidade da\u00a0federa\u00e7\u00e3o. Conforme definido pela Lei n\u00ba 13.165\/2015, que determinou a obrigatoriedade da impress\u00e3o do voto, o eleitor n\u00e3o ter\u00e1 contato direto com o comprovante de vota\u00e7\u00e3o, podendo\u00a0apenas verificar visualmente se o que est\u00e1 impresso no papel condiz com o que aparece na tela da urna eletr\u00f4nica.<\/p>\n<p>Os tribunais regionais eleitorais (TREs) dever\u00e3o definir, entre 23 de julho e 31 de agosto, quais se\u00e7\u00f5es eleitorais receber\u00e3o os equipamentos. Segundo a resolu\u00e7\u00e3o, devem ter prefer\u00eancia locais que disponham de infraestrutura adequada e facilidade de acesso para eventual suporte t\u00e9cnico. Al\u00e9m das 23 mil urnas equipadas com m\u00f3dulo de impress\u00e3o, uma reserva t\u00e9cnica de\u00a07 mil urnas adaptadas estar\u00e1 dispon\u00edvel para substitui\u00e7\u00e3o dos equipamentos, em caso de necessidade. O n\u00famero de urnas com impressoras representa pouco mais de 5% do total de 550 mil terminais eletr\u00f4nicos de vota\u00e7\u00e3o que ser\u00e3o distribu\u00eddos em todo o pa\u00eds. De acordo com o TSE, a empresa contratada dever\u00e1 entregar os equipamentos at\u00e9 10 de setembro.<\/p>\n<p>S\u00e3o Paulo, que re\u00fane o maior eleitorado do pa\u00eds, com mais de 33,2 milh\u00f5es de pessoas aptas a votar, \u00e9 tamb\u00e9m o estado com o maior n\u00famero de urnas eletr\u00f4nicas equipadas com m\u00f3dulo de impress\u00e3o: 5.208. Em seguida, aparecem Minas Gerais, com 2.482, e Rio de Janeiro, com 1.951. Roraima, que tem o menor n\u00famero de eleitores no pa\u00eds, pouco mais de 328 mil pessoas, contar\u00e1 com urnas adaptadas em 52 se\u00e7\u00f5es eleitorais.<\/p>\n<p>O presidente do TSE, ministro Luiz Fux, disse que a implanta\u00e7\u00e3o do voto impresso em todas as urnas eletr\u00f4nicas seria imposs\u00edvel j\u00e1 neste ano, tanto por quest\u00f5es financeiras quanto por\u00a0dificuldades t\u00e9cnicas. Os m\u00f3dulos de impress\u00e3o, se fossem instalados em todas as urnas, custariam cerca de R$2 bilh\u00f5es, informa o tribunal. Uma a\u00e7\u00e3o direta de inconstitucionalidade proposta pela Procuradoria Geral da Rep\u00fablica (PGR) tenta impedir a reintrodu\u00e7\u00e3o do voto impresso no pa\u00eds. A alega\u00e7\u00e3o \u00e9 de que a impress\u00e3o poderia comprometer o sigilo do voto, que \u00e9 uma cl\u00e1usula p\u00e9trea da Constitui\u00e7\u00e3o Federal. A a\u00e7\u00e3o \u00e9 relatada pelo ministro Gilmar Mendes.<\/p>\n<p>Para Fux, a seguran\u00e7a da urna eletr\u00f4nica \u201ctem sido demonstrada pela vota\u00e7\u00e3o paralela e pelo Teste P\u00fablico de Seguran\u00e7a (TPS), quando\u00a0<em>hackers<\/em> testam os sistemas da urna eletr\u00f4nica\u201d. Ele lembrou ainda que,neste ano, foi institu\u00edda a realiza\u00e7\u00e3o de uma auditoria da urna uma hora antes da vota\u00e7\u00e3o.<\/p>\n<p><img loading=\"lazy\" decoding=\"async\" class=\"size-full wp-image-99226 aligncenter\" src=\"http:\/\/diarioregionaljf.com.br\/wp-content\/uploads\/2018\/05\/listaurnas.png\" alt=\"\" width=\"463\" height=\"665\" srcset=\"https:\/\/diarioregionaldigital.com.br\/wp-content\/uploads\/2018\/05\/listaurnas.png 463w, https:\/\/diarioregionaldigital.com.br\/wp-content\/uploads\/2018\/05\/listaurnas-209x300.png 209w, https:\/\/diarioregionaldigital.com.br\/wp-content\/uploads\/2018\/05\/listaurnas-360x517.png 360w\" sizes=\"auto, (max-width: 463px) 100vw, 463px\" \/><\/p>\n<p>&nbsp;<\/p>\n<p>Fonte: Ag\u00eancia Brasil<\/p>\n","protected":false},"excerpt":{"rendered":"<p>O Tribunal Superior Eleitoral (TSE) aprovou, em sess\u00e3o administrativa nessa quinta-feira, 3, a resolu\u00e7\u00e3o que define as regras para implanta\u00e7\u00e3o gradual do voto impresso, que come\u00e7ar\u00e1 nas elei\u00e7\u00f5es\u00a0gerais de outubro deste ano. Ao todo, 23 mil urnas eletr\u00f4nicas, todas equipadas com um m\u00f3dulo de impress\u00e3o, ser\u00e3o distribu\u00eddas de forma proporcional ao eleitorado de cada unidade [&hellip;]<\/p>\n","protected":false},"author":96,"featured_media":99227,"comment_status":"closed","ping_status":"closed","sticky":false,"template":"","format":"standard","meta":{"footnotes":""},"categories":[436,254,439],"tags":[875,874,741,873,872],"class_list":["post-99225","post","type-post","status-publish","format-standard","has-post-thumbnail","hentry","category-destaque-da-semana","category-politica","category-ultima-hora","tag-auditoria","tag-eleicoes-gerais","tag-tse","tag-urna-eletronica","tag-voto-impresso"],"_links":{"self":[{"href":"https:\/\/diarioregionaldigital.com.br\/index.php?rest_route=\/wp\/v2\/posts\/99225","targetHints":{"allow":["GET"]}}],"collection":[{"href":"https:\/\/diarioregionaldigital.com.br\/index.php?rest_route=\/wp\/v2\/posts"}],"about":[{"href":"https:\/\/diarioregionaldigital.com.br\/index.php?rest_route=\/wp\/v2\/types\/post"}],"author":[{"embeddable":true,"href":"https:\/\/diarioregionaldigital.com.br\/index.php?rest_route=\/wp\/v2\/users\/96"}],"replies":[{"embeddable":true,"href":"https:\/\/diarioregionaldigital.com.br\/index.php?rest_route=%2Fwp%2Fv2%2Fcomments&post=99225"}],"version-history":[{"count":0,"href":"https:\/\/diarioregionaldigital.com.br\/index.php?rest_route=\/wp\/v2\/posts\/99225\/revisions"}],"wp:featuredmedia":[{"embeddable":true,"href":"https:\/\/diarioregionaldigital.com.br\/index.php?rest_route=\/wp\/v2\/media\/99227"}],"wp:attachment":[{"href":"https:\/\/diarioregionaldigital.com.br\/index.php?rest_route=%2Fwp%2Fv2%2Fmedia&parent=99225"}],"wp:term":[{"taxonomy":"category","embeddable":true,"href":"https:\/\/diarioregionaldigital.com.br\/index.php?rest_route=%2Fwp%2Fv2%2Fcategories&post=99225"},{"taxonomy":"post_tag","embeddable":true,"href":"https:\/\/diarioregionaldigital.com.br\/index.php?rest_route=%2Fwp%2Fv2%2Ftags&post=99225"}],"curies":[{"name":"wp","href":"https:\/\/api.w.org\/{rel}","templated":true}]}}