{"id":99218,"date":"2018-05-06T06:00:11","date_gmt":"2018-05-06T09:00:11","guid":{"rendered":"http:\/\/diarioregionaljf.com.br\/?p=99218"},"modified":"2018-05-04T19:10:46","modified_gmt":"2018-05-04T22:10:46","slug":"data-reforca-a-importancia-da-higienizacao-das-maos","status":"publish","type":"post","link":"https:\/\/diarioregionaldigital.com.br\/?p=99218","title":{"rendered":"Data refor\u00e7a a import\u00e2ncia da higieniza\u00e7\u00e3o das m\u00e3os"},"content":{"rendered":"<p>O s\u00e1bado, 5, foi escolhido pela Organiza\u00e7\u00e3o Mundial da Sa\u00fade (OMS) como o \u201cDia Mundial da Higieniza\u00e7\u00e3o das M\u00e3os\u201d, data que chama aten\u00e7\u00e3o da popula\u00e7\u00e3o sobre a necessidade de higienizar corretamente as m\u00e3os, principalmente, os profissionais de sa\u00fade, uma vez que em ambientes hospitalares os riscos de os pacientes adquirirem infec\u00e7\u00f5es \u00e9 muito grande.<\/p>\n<p>\u201cDentro dos hospitais podemos adquirir v\u00e1rias doen\u00e7as, por conta da concentra\u00e7\u00e3o de micro-organismos nesse ambiente. Est\u00e1 a\u00ed, a import\u00e2ncia de higienizar as m\u00e3os corretamente, j\u00e1 que o contato das m\u00e3os n\u00e3o higienizadas com o paciente \u00e9 o principal mecanismo das infec\u00e7\u00f5es hospitalares. Ent\u00e3o, antes e ap\u00f3s o contato, o profissional deve lavar as m\u00e3os\u201d, disse o m\u00e9dico infectologista, Rodrigo Daniel de Souza.<\/p>\n<div id=\"attachment_99256\" style=\"width: 310px\" class=\"wp-caption aligncenter\"><img loading=\"lazy\" decoding=\"async\" aria-describedby=\"caption-attachment-99256\" class=\"wp-image-99256 size-medium\" src=\"http:\/\/diarioregionaljf.com.br\/wp-content\/uploads\/2018\/05\/RAFAELA-FRUTUOSO-usar-essa-2-3-300x200.jpg?_t=1525471746\" alt=\"\" width=\"300\" height=\"200\" srcset=\"https:\/\/diarioregionaldigital.com.br\/wp-content\/uploads\/2018\/05\/RAFAELA-FRUTUOSO-usar-essa-2-3-300x200.jpg 300w, https:\/\/diarioregionaldigital.com.br\/wp-content\/uploads\/2018\/05\/RAFAELA-FRUTUOSO-usar-essa-2-3-768x512.jpg 768w, https:\/\/diarioregionaldigital.com.br\/wp-content\/uploads\/2018\/05\/RAFAELA-FRUTUOSO-usar-essa-2-3-1024x683.jpg 1024w, https:\/\/diarioregionaldigital.com.br\/wp-content\/uploads\/2018\/05\/RAFAELA-FRUTUOSO-usar-essa-2-3-360x240.jpg 360w, https:\/\/diarioregionaldigital.com.br\/wp-content\/uploads\/2018\/05\/RAFAELA-FRUTUOSO-usar-essa-2-3.jpg 1037w\" sizes=\"auto, (max-width: 300px) 100vw, 300px\" \/><p id=\"caption-attachment-99256\" class=\"wp-caption-text\">O ato de higienizar as m\u00e3os ajuda na preven\u00e7\u00e3o de uma s\u00e9rie de doen\u00e7as. Foto: Rafaela Frutuoso<\/p><\/div>\n<p>Ele tamb\u00e9m explica a import\u00e2ncia da higieniza\u00e7\u00e3o. \u201cO ato de lavar as m\u00e3os ajuda na preven\u00e7\u00e3o de uma s\u00e9rie de doen\u00e7as, como gripes e resfriados, conjuntivite, ou diarreias, que podem ser causadas por v\u00edrus ou bact\u00e9rias&#8221;, afirma. \u201cOutras coisas s\u00e3o as verminoses. As m\u00e3os contaminadas por res\u00edduos de fezes, seja da pr\u00f3pria pessoa ou de outras, que v\u00e3o o banheiro e n\u00e3o lavam as m\u00e3os, pode compartilhar vermes. O fato de compartilhar uma caneta contaminada, por exemplo, pode causar danos e depois se levar a m\u00e3o \u00e0 boca, pode causa r danos \u00e0 sa\u00fade\u201d, lembra.<\/p>\n<p>Souza ressalta que as m\u00e3os devem ser higienizadas com \u00e1gua e sab\u00e3o quando estiverem visivelmente sujas, caso contr\u00e1rio pode-se higieniz\u00e1-las com \u00e1lcool 70%. \u201cQuando n\u00e3o tem atividade vis\u00edvel, mas a pessoa sabe que tocou em v\u00e1rias superf\u00edcies ela pode optar pelo \u00e1lcool em gel. \u00c9 comum olhar para as m\u00e3os e n\u00e3o ver sujeira, achar que ela est\u00e1 limpa, mas ela pode conter bact\u00e9rias. O certo seria andar com recipiente com um pouco da solu\u00e7\u00e3o, para caso de frequentar ambiente em que n\u00e3o tem como lavar com \u00e1gua e sab\u00e3o. Mas, a verdade \u00e9 que os dois m\u00e9todos s\u00e3o eficientes\u201d, disse.<\/p>\n<hr \/>\n<p><strong>Confira algumas recomenda\u00e7\u00f5es para momentos em que a higieniza\u00e7\u00e3o se faz necess\u00e1ria: <\/strong><\/p>\n<ul>\n<li>Sempre que estiverem visivelmente sujas ou contaminadas com sangue e outros fluidos corporais;<\/li>\n<li>Ao chegar em casa;<\/li>\n<li>Ao iniciar o turno de trabalho;<\/li>\n<li>Ap\u00f3s ir ao banheiro;<\/li>\n<li>Antes e depois das refei\u00e7\u00f5es;<\/li>\n<li>Antes de preparo de alimentos;<\/li>\n<li>Antes de preparo e manipula\u00e7\u00e3o de medicamentos;<\/li>\n<li>Ao pegar em dinheiro;<\/li>\n<li>Antes e ap\u00f3s visitas hospitalares;<\/li>\n<li>Sempre que utilizar transporte ou visitar locais p\u00fablicos<\/li>\n<\/ul>\n<p>&nbsp;<\/p>\n","protected":false},"excerpt":{"rendered":"<p>O s\u00e1bado, 5, foi escolhido pela Organiza\u00e7\u00e3o Mundial da Sa\u00fade (OMS) como o \u201cDia Mundial da Higieniza\u00e7\u00e3o das M\u00e3os\u201d, data que chama aten\u00e7\u00e3o da popula\u00e7\u00e3o sobre a necessidade de higienizar corretamente as m\u00e3os, principalmente, os profissionais de sa\u00fade, uma vez que em ambientes hospitalares os riscos de os pacientes adquirirem infec\u00e7\u00f5es \u00e9 muito grande. \u201cDentro [&hellip;]<\/p>\n","protected":false},"author":96,"featured_media":99255,"comment_status":"closed","ping_status":"closed","sticky":false,"template":"","format":"standard","meta":{"footnotes":""},"categories":[253,440],"tags":[868,621,869],"class_list":["post-99218","post","type-post","status-publish","format-standard","has-post-thumbnail","hentry","category-cidade","category-destaques-do-dia","tag-dia-mundial-da-higienizacao-das-maos","tag-doencas","tag-hospitais"],"_links":{"self":[{"href":"https:\/\/diarioregionaldigital.com.br\/index.php?rest_route=\/wp\/v2\/posts\/99218","targetHints":{"allow":["GET"]}}],"collection":[{"href":"https:\/\/diarioregionaldigital.com.br\/index.php?rest_route=\/wp\/v2\/posts"}],"about":[{"href":"https:\/\/diarioregionaldigital.com.br\/index.php?rest_route=\/wp\/v2\/types\/post"}],"author":[{"embeddable":true,"href":"https:\/\/diarioregionaldigital.com.br\/index.php?rest_route=\/wp\/v2\/users\/96"}],"replies":[{"embeddable":true,"href":"https:\/\/diarioregionaldigital.com.br\/index.php?rest_route=%2Fwp%2Fv2%2Fcomments&post=99218"}],"version-history":[{"count":0,"href":"https:\/\/diarioregionaldigital.com.br\/index.php?rest_route=\/wp\/v2\/posts\/99218\/revisions"}],"wp:featuredmedia":[{"embeddable":true,"href":"https:\/\/diarioregionaldigital.com.br\/index.php?rest_route=\/wp\/v2\/media\/99255"}],"wp:attachment":[{"href":"https:\/\/diarioregionaldigital.com.br\/index.php?rest_route=%2Fwp%2Fv2%2Fmedia&parent=99218"}],"wp:term":[{"taxonomy":"category","embeddable":true,"href":"https:\/\/diarioregionaldigital.com.br\/index.php?rest_route=%2Fwp%2Fv2%2Fcategories&post=99218"},{"taxonomy":"post_tag","embeddable":true,"href":"https:\/\/diarioregionaldigital.com.br\/index.php?rest_route=%2Fwp%2Fv2%2Ftags&post=99218"}],"curies":[{"name":"wp","href":"https:\/\/api.w.org\/{rel}","templated":true}]}}