{"id":99216,"date":"2018-05-04T18:07:58","date_gmt":"2018-05-04T21:07:58","guid":{"rendered":"http:\/\/diarioregionaljf.com.br\/?p=99216"},"modified":"2018-05-04T18:07:58","modified_gmt":"2018-05-04T21:07:58","slug":"prefeitura-de-juiz-de-fora-esclarece-sobre-credito-no-cartao-de-bilhetagem-eletronica","status":"publish","type":"post","link":"https:\/\/diarioregionaldigital.com.br\/?p=99216","title":{"rendered":"Prefeitura de Juiz de Fora esclarece sobre cr\u00e9dito no cart\u00e3o de bilhetagem eletr\u00f4nica"},"content":{"rendered":"<div id=\"box_texto_noticia\">A Prefeitura esclarece que o Decreto 13.270\/2018, publicado no Atos do Governo nessa quinta-feira, 3, <a href=\"http:\/\/diarioregionaljf.com.br\/2018\/05\/04\/decreto-limita-validade-dos-creditos-de-cartoes-vale-transporte-em-caso-de-reajuste\/\">garante ao usu\u00e1rio, que &#8211; pelo prazo de um m\u00eas &#8211; possa usar os valores acumulados no cart\u00e3o inteligente<\/a> de bilhetagem eletr\u00f4nica para pagar o valor antigo da tarifa e que, depois desse prazo, continue usando o saldo remanescente para custear o valor vigente da tarifa. O decreto atende recomenda\u00e7\u00e3o do Minist\u00e9rio P\u00fablico Estadual e teve texto aprovado pelo mesmo porque garante aos usu\u00e1rios do servi\u00e7o de transporte coletivo seu direito de continuar usando o valor acumulado no saldo do cart\u00e3o.<\/div>\n<p>Fonte: Assessoria<\/p>\n<div id=\"box_compartilhar\" align=\"right\"><\/div>\n","protected":false},"excerpt":{"rendered":"<p>A Prefeitura esclarece que o Decreto 13.270\/2018, publicado no Atos do Governo nessa quinta-feira, 3, garante ao usu\u00e1rio, que &#8211; pelo prazo de um m\u00eas &#8211; possa usar os valores acumulados no cart\u00e3o inteligente de bilhetagem eletr\u00f4nica para pagar o valor antigo da tarifa e que, depois desse prazo, continue usando o saldo remanescente para [&hellip;]<\/p>\n","protected":false},"author":96,"featured_media":99159,"comment_status":"closed","ping_status":"closed","sticky":false,"template":"","format":"standard","meta":{"footnotes":""},"categories":[253,440,439],"tags":[866,353,865,867],"class_list":["post-99216","post","type-post","status-publish","format-standard","has-post-thumbnail","hentry","category-cidade","category-destaques-do-dia","category-ultima-hora","tag-cartao-inteligente","tag-pjf","tag-tarifa","tag-transporte"],"_links":{"self":[{"href":"https:\/\/diarioregionaldigital.com.br\/index.php?rest_route=\/wp\/v2\/posts\/99216","targetHints":{"allow":["GET"]}}],"collection":[{"href":"https:\/\/diarioregionaldigital.com.br\/index.php?rest_route=\/wp\/v2\/posts"}],"about":[{"href":"https:\/\/diarioregionaldigital.com.br\/index.php?rest_route=\/wp\/v2\/types\/post"}],"author":[{"embeddable":true,"href":"https:\/\/diarioregionaldigital.com.br\/index.php?rest_route=\/wp\/v2\/users\/96"}],"replies":[{"embeddable":true,"href":"https:\/\/diarioregionaldigital.com.br\/index.php?rest_route=%2Fwp%2Fv2%2Fcomments&post=99216"}],"version-history":[{"count":0,"href":"https:\/\/diarioregionaldigital.com.br\/index.php?rest_route=\/wp\/v2\/posts\/99216\/revisions"}],"wp:featuredmedia":[{"embeddable":true,"href":"https:\/\/diarioregionaldigital.com.br\/index.php?rest_route=\/wp\/v2\/media\/99159"}],"wp:attachment":[{"href":"https:\/\/diarioregionaldigital.com.br\/index.php?rest_route=%2Fwp%2Fv2%2Fmedia&parent=99216"}],"wp:term":[{"taxonomy":"category","embeddable":true,"href":"https:\/\/diarioregionaldigital.com.br\/index.php?rest_route=%2Fwp%2Fv2%2Fcategories&post=99216"},{"taxonomy":"post_tag","embeddable":true,"href":"https:\/\/diarioregionaldigital.com.br\/index.php?rest_route=%2Fwp%2Fv2%2Ftags&post=99216"}],"curies":[{"name":"wp","href":"https:\/\/api.w.org\/{rel}","templated":true}]}}