{"id":99203,"date":"2018-05-06T06:00:14","date_gmt":"2018-05-06T09:00:14","guid":{"rendered":"http:\/\/diarioregionaljf.com.br\/?p=99203"},"modified":"2018-05-04T19:04:28","modified_gmt":"2018-05-04T22:04:28","slug":"orgaos-de-fiscalizacao-realizam-acoes-durante-maio-amarelo","status":"publish","type":"post","link":"https:\/\/diarioregionaldigital.com.br\/?p=99203","title":{"rendered":"\u00d3rg\u00e3os de fiscaliza\u00e7\u00e3o realizam a\u00e7\u00f5es durante \u201cMaio Amarelo\u201d"},"content":{"rendered":"<p>Juiz de Fora j\u00e1 est\u00e1 em sintonia com o \u201c<a href=\"https:\/\/www.pjf.mg.gov.br\/noticias\/anexo\/maioamarelo.PDF\">Maio Amarelo<\/a>\u201d. O Morro do Cristo e o Pa\u00e7o Municipal, que abriga a Funda\u00e7\u00e3o Cultural Alfredo Ferreira Lage (Funalfa) e o Espa\u00e7o Cidad\u00e3o, receberam ilumina\u00e7\u00e3o em amarelo para lembrar a data. Na quarta-feira, 2, a Secretaria de Transporte e Tr\u00e2nsito (Settra) deu o pontap\u00e9 inicial, por meio da caravana, em que diversos ve\u00edculos desfilaram pela principal via da cidade, a Avenida Rio Branco, chamando a aten\u00e7\u00e3o para o movimento.<\/p>\n<p>Na sexta-feira, 4, a pasta iniciou um levantamento t\u00e9cnico dos sem\u00e1foros da mesma avenida, com intuito de minimizar os conflitos e aumentar a seguran\u00e7a do espa\u00e7o. No mesmo dia, a Pol\u00edcia Militar (PM) em opera\u00e7\u00e3o conjunta com a Settra e outros \u00f3rg\u00e3os de fiscaliza\u00e7\u00e3o, como as pol\u00edcias Militar Rodovi\u00e1ria (PMR) e a Rodovi\u00e1ria Federal (PRF), promoveu blitz educativa no bairro Alto dos Passos, zona Sul para conscientizar condutores e pedestres. Essas e outras a\u00e7\u00f5es est\u00e3o previstas para os pr\u00f3ximos 30 dias e vem de encontro ao lema da campanha em 2018 \u201cN\u00f3s somos o tr\u00e2nsito\u201d, que refor\u00e7a a necessidade de mobilizar a popula\u00e7\u00e3o sobre a preven\u00e7\u00e3o de acidentes de tr\u00e2nsito.<\/p>\n<p>Apesar de todas as medidas adotadas pelo poder p\u00fablico, por meio dos \u00f3rg\u00e3os de fiscaliza\u00e7\u00e3o, a quantidade de acidente de tr\u00e2nsito continua crescendo, sendo respons\u00e1vel por quase 40 mil vidas brasileiras perdidas todos os anos. Para a supervisora de Projetos de Educa\u00e7\u00e3o para o Tr\u00e2nsito da Settra, Renata Vianna, o que precisa \u00e9 uma mudan\u00e7a comportamental. \u201cO principal fator \u00e9 humano. O pedestre o condutor. A responsabilidade \u00e9 de cada um. o conjunto ideal para seguran\u00e7a no tr\u00e2nsito seria a fiscaliza\u00e7\u00e3o, a engenharia de tr\u00e2nsito e a educa\u00e7\u00e3o, o que chamamos de o trip\u00e9 da seguran\u00e7a no tr\u00e2nsito. Movimentos como o Maio Amarela vem para conscientizar, mas, enquanto a parte humana n\u00e3o se reconhecer como respons\u00e1vel e ator principal da sociedade no transito, uma parte do trip\u00e9 vai ficar em falta\u201d, lembrou. \u201cPor isso, que o tema deste ano \u00e9 \u2018N\u00f3s somos o tr\u00e2nsito\u2019, para que as pessoas se reconhe\u00e7am como integrante fundamental. \u00c9 muito f\u00e1cil apontar um erro, seja ele do governo, do estado da via, mas, a conscientiza\u00e7\u00e3o \u00e9 o principal, e \u00e9 nisso que o movimento nos faz pensar\u201d, enfatizou Renata.<\/p>\n<p>Segundo Renata, al\u00e9m das a\u00e7\u00f5es do Maio Amarelo, a Supervis\u00e3o de Projetos de Educa\u00e7\u00e3o para o Tr\u00e2nsito tem realizado palestras e blitz educativa em diversas institui\u00e7\u00f5es da cidade, seja ela p\u00fablica ou privada. \u201cS\u00e3o atividades para despertar o \u2018gatilho\u2019 da conscientiza\u00e7\u00e3o nas pessoas\u201d, disse ela, ressaltando que o setor est\u00e1 aberto a agendamento, basta ligar para o telefone 3690-8235.<\/p>\n<p><strong>\u00a0<\/strong><\/p>\n<div id=\"attachment_99250\" style=\"width: 1034px\" class=\"wp-caption aligncenter\"><img loading=\"lazy\" decoding=\"async\" aria-describedby=\"caption-attachment-99250\" class=\"wp-image-99250 size-large\" src=\"http:\/\/diarioregionaljf.com.br\/wp-content\/uploads\/2018\/05\/RAFAELA-FRUTUOSO-usar-essa-2-2-1024x683.jpg?_t=1525471216\" alt=\"\" width=\"1024\" height=\"683\" srcset=\"https:\/\/diarioregionaldigital.com.br\/wp-content\/uploads\/2018\/05\/RAFAELA-FRUTUOSO-usar-essa-2-2-1024x683.jpg 1024w, https:\/\/diarioregionaldigital.com.br\/wp-content\/uploads\/2018\/05\/RAFAELA-FRUTUOSO-usar-essa-2-2-300x200.jpg 300w, https:\/\/diarioregionaldigital.com.br\/wp-content\/uploads\/2018\/05\/RAFAELA-FRUTUOSO-usar-essa-2-2-768x512.jpg 768w, https:\/\/diarioregionaldigital.com.br\/wp-content\/uploads\/2018\/05\/RAFAELA-FRUTUOSO-usar-essa-2-2-360x240.jpg 360w\" sizes=\"auto, (max-width: 1024px) 100vw, 1024px\" \/><p id=\"caption-attachment-99250\" class=\"wp-caption-text\">Campanha quer promover a mobiliza\u00e7\u00e3o da popula\u00e7\u00e3o sobre a preven\u00e7\u00e3o de acidentes de tr\u00e2nsito. Foto: Rafaela Frutuoso<\/p><\/div>\n<p><strong>\u201cINFRA\u00c7\u00d5ES EST\u00c3O ASSOCIDAS A QUASE TODOS OS ACIDENTES\u201d, DIZ TENENTE DA PM<\/strong><\/p>\n<p>Especialistas apontam que o excesso de velocidade, as ultrapassagens indevidas, a combina\u00e7\u00e3o de \u00e1lcool e dire\u00e7\u00e3o, a falta de cinto de seguran\u00e7a e o uso de celular ao volante s\u00e3o as cinco principais causas de acidentes de tr\u00e2nsito no pa\u00eds. Fato \u00e9, que, de acordo com o comandante do Pelot\u00e3o de Policiamento de Tr\u00e2nsito da PM (PPTran), tenente DecioVernay, as infra\u00e7\u00f5es est\u00e3o, na maior parte dos casos, associadas aos acidentes. \u201cEm geral, quando tem um acidente de tr\u00e2nsito, ele \u00e9 motivado por uma infra\u00e7\u00e3o. Seja por n\u00e3o obedecer ao sinal semaf\u00f3rico, de parada ou por fazer uma convers\u00e3o irregular. No caso de um atropelamento, pode ser por desrespeito do pedestre, que insiste em n\u00e3o atravessa no local destinado a ele\u201d, explicou. \u201cO tr\u00e2nsito de hoje \u00e9 reflexo da cultura de um povo. Nada mais \u00e9 do que uma quest\u00e3o humanit\u00e1ria ou de sa\u00fade p\u00fablica mesmo. O que falta para dar certo \u00e9 o respeito. O ve\u00edculo \u00e9 s\u00f3 um meio de transporte, mas, que o controla, \u00e9 um ser humano, que, se respeitar as outras pessoas que compartilham o mesmo espa\u00e7o com ele, certamente, alcan\u00e7aremos bons resultados\u201d, destacou.<\/p>\n<p>Al\u00e9m da blitz educativa no bairro Alto dos Passos, a PM, em parceria com os outros \u00f3rg\u00e3os de fiscaliza\u00e7\u00e3o, pretende realizar outras a\u00e7\u00f5es durante o Maio Amarelo. \u201cQueremos conscientizar. Vamos distribuir panfletos, que difundir\u00e3o a ideia do respeito. Temos equipes postadas em blitz todos os dias. No per\u00edodo, estaremos espalhando viaturas em pontos espec\u00edficos da cidade, em grandes corredores e determinados hor\u00e1rios, levando seguran\u00e7a para a popula\u00e7\u00e3o\u201d, disse.<\/p>\n<p>&nbsp;<\/p>\n","protected":false},"excerpt":{"rendered":"<p>Juiz de Fora j\u00e1 est\u00e1 em sintonia com o \u201cMaio Amarelo\u201d. O Morro do Cristo e o Pa\u00e7o Municipal, que abriga a Funda\u00e7\u00e3o Cultural Alfredo Ferreira Lage (Funalfa) e o Espa\u00e7o Cidad\u00e3o, receberam ilumina\u00e7\u00e3o em amarelo para lembrar a data. Na quarta-feira, 2, a Secretaria de Transporte e Tr\u00e2nsito (Settra) deu o pontap\u00e9 inicial, por [&hellip;]<\/p>\n","protected":false},"author":96,"featured_media":99251,"comment_status":"closed","ping_status":"closed","sticky":false,"template":"","format":"standard","meta":{"footnotes":""},"categories":[253,440],"tags":[620,528,859,459],"class_list":["post-99203","post","type-post","status-publish","format-standard","has-post-thumbnail","hentry","category-cidade","category-destaques-do-dia","tag-acidentes","tag-fiscalizacao","tag-maio-amarelo","tag-transito"],"_links":{"self":[{"href":"https:\/\/diarioregionaldigital.com.br\/index.php?rest_route=\/wp\/v2\/posts\/99203","targetHints":{"allow":["GET"]}}],"collection":[{"href":"https:\/\/diarioregionaldigital.com.br\/index.php?rest_route=\/wp\/v2\/posts"}],"about":[{"href":"https:\/\/diarioregionaldigital.com.br\/index.php?rest_route=\/wp\/v2\/types\/post"}],"author":[{"embeddable":true,"href":"https:\/\/diarioregionaldigital.com.br\/index.php?rest_route=\/wp\/v2\/users\/96"}],"replies":[{"embeddable":true,"href":"https:\/\/diarioregionaldigital.com.br\/index.php?rest_route=%2Fwp%2Fv2%2Fcomments&post=99203"}],"version-history":[{"count":0,"href":"https:\/\/diarioregionaldigital.com.br\/index.php?rest_route=\/wp\/v2\/posts\/99203\/revisions"}],"wp:featuredmedia":[{"embeddable":true,"href":"https:\/\/diarioregionaldigital.com.br\/index.php?rest_route=\/wp\/v2\/media\/99251"}],"wp:attachment":[{"href":"https:\/\/diarioregionaldigital.com.br\/index.php?rest_route=%2Fwp%2Fv2%2Fmedia&parent=99203"}],"wp:term":[{"taxonomy":"category","embeddable":true,"href":"https:\/\/diarioregionaldigital.com.br\/index.php?rest_route=%2Fwp%2Fv2%2Fcategories&post=99203"},{"taxonomy":"post_tag","embeddable":true,"href":"https:\/\/diarioregionaldigital.com.br\/index.php?rest_route=%2Fwp%2Fv2%2Ftags&post=99203"}],"curies":[{"name":"wp","href":"https:\/\/api.w.org\/{rel}","templated":true}]}}