{"id":99158,"date":"2018-05-04T10:58:34","date_gmt":"2018-05-04T13:58:34","guid":{"rendered":"http:\/\/diarioregionaljf.com.br\/?p=99158"},"modified":"2018-05-04T10:58:34","modified_gmt":"2018-05-04T13:58:34","slug":"decreto-limita-validade-dos-creditos-de-cartoes-vale-transporte-em-caso-de-reajuste","status":"publish","type":"post","link":"https:\/\/diarioregionaldigital.com.br\/?p=99158","title":{"rendered":"Decreto limita validade dos cr\u00e9ditos de cart\u00f5es vale-transporte em caso de reajuste"},"content":{"rendered":"<p>Em caso de reajuste tarif\u00e1rio nas passagens do transporte urbano em Juiz de Fora, os cr\u00e9ditos dos cart\u00f5es inteligentes das modalidades comum e vale-transporte permanecer\u00e3o v\u00e1lidos por at\u00e9 30 dias. \u00c9 o que prev\u00ea o <a href=\"https:\/\/www.pjf.mg.gov.br\/e_atos\/e_atos_vis.php?id=61009\" target=\"_blank\" rel=\"noopener\">Decreto N\u00ba 13.270<\/a>, publicado no Di\u00e1rio Oficial Eletr\u00f4nico do Munic\u00edpio nessa quinta-feira, 3.<\/p>\n<p>De acordo com a medida, ser\u00e1 respeitada a rela\u00e7\u00e3o entre o valor monet\u00e1rio e o n\u00famero de passagens adquiridas, garantindo-se que o usu\u00e1rio realize as viagens restantes pelo pre\u00e7o antigo, dentro do referido prazo.<\/p>\n<p>A decis\u00e3o altera o <a href=\"https:\/\/www.pjf.mg.gov.br\/e_atos\/e_atos_vis.php?id=5525\" target=\"_blank\" rel=\"noopener\">Decreto N\u00ba 10.471<\/a>, de outubro de 2010, que prev\u00ea o uso dos cr\u00e9ditos sem limite de prazo em caso de reajuste.<\/p>\n","protected":false},"excerpt":{"rendered":"<p>Em caso de reajuste tarif\u00e1rio nas passagens do transporte urbano em Juiz de Fora, os cr\u00e9ditos dos cart\u00f5es inteligentes das modalidades comum e vale-transporte permanecer\u00e3o v\u00e1lidos por at\u00e9 30 dias. \u00c9 o que prev\u00ea o Decreto N\u00ba 13.270, publicado no Di\u00e1rio Oficial Eletr\u00f4nico do Munic\u00edpio nessa quinta-feira, 3. De acordo com a medida, ser\u00e1 respeitada [&hellip;]<\/p>\n","protected":false},"author":96,"featured_media":99159,"comment_status":"closed","ping_status":"closed","sticky":false,"template":"","format":"standard","meta":{"footnotes":""},"categories":[253,436],"tags":[],"class_list":["post-99158","post","type-post","status-publish","format-standard","has-post-thumbnail","hentry","category-cidade","category-destaque-da-semana"],"_links":{"self":[{"href":"https:\/\/diarioregionaldigital.com.br\/index.php?rest_route=\/wp\/v2\/posts\/99158","targetHints":{"allow":["GET"]}}],"collection":[{"href":"https:\/\/diarioregionaldigital.com.br\/index.php?rest_route=\/wp\/v2\/posts"}],"about":[{"href":"https:\/\/diarioregionaldigital.com.br\/index.php?rest_route=\/wp\/v2\/types\/post"}],"author":[{"embeddable":true,"href":"https:\/\/diarioregionaldigital.com.br\/index.php?rest_route=\/wp\/v2\/users\/96"}],"replies":[{"embeddable":true,"href":"https:\/\/diarioregionaldigital.com.br\/index.php?rest_route=%2Fwp%2Fv2%2Fcomments&post=99158"}],"version-history":[{"count":0,"href":"https:\/\/diarioregionaldigital.com.br\/index.php?rest_route=\/wp\/v2\/posts\/99158\/revisions"}],"wp:featuredmedia":[{"embeddable":true,"href":"https:\/\/diarioregionaldigital.com.br\/index.php?rest_route=\/wp\/v2\/media\/99159"}],"wp:attachment":[{"href":"https:\/\/diarioregionaldigital.com.br\/index.php?rest_route=%2Fwp%2Fv2%2Fmedia&parent=99158"}],"wp:term":[{"taxonomy":"category","embeddable":true,"href":"https:\/\/diarioregionaldigital.com.br\/index.php?rest_route=%2Fwp%2Fv2%2Fcategories&post=99158"},{"taxonomy":"post_tag","embeddable":true,"href":"https:\/\/diarioregionaldigital.com.br\/index.php?rest_route=%2Fwp%2Fv2%2Ftags&post=99158"}],"curies":[{"name":"wp","href":"https:\/\/api.w.org\/{rel}","templated":true}]}}