{"id":98723,"date":"2018-05-02T08:52:47","date_gmt":"2018-05-02T11:52:47","guid":{"rendered":"http:\/\/diarioregionaljf.com.br\/?p=98723"},"modified":"2018-05-02T08:53:51","modified_gmt":"2018-05-02T11:53:51","slug":"envio-de-declaracoes-do-imposto-de-renda-fora-do-prazo-comeca-hoje","status":"publish","type":"post","link":"https:\/\/diarioregionaldigital.com.br\/?p=98723","title":{"rendered":"Contribuintes j\u00e1 podem enviar declara\u00e7\u00f5es do Imposto de Renda fora do prazo"},"content":{"rendered":"<p>Quem perdeu o prazo para enviar a Declara\u00e7\u00e3o do Imposto de Renda Pessoa F\u00edsica pode faz\u00ea-lo a partir de\u00a0hoje, 2. O contribuinte ser\u00e1 multado em 1% do imposto devido por m\u00eas de atraso (limitado a 20% do imposto total) ou em R$165,74, prevalecendo o maior valor. N\u00e3o ser\u00e1 necess\u00e1rio baixar um novo programa. O sistema automaticamente gerar\u00e1 a guia para o pagamento do tributo, acrescido da multa.<\/p>\n<p>Neste ano, o total de contribuintes que enviaram a Declara\u00e7\u00e3o do Imposto de Renda Pessoa F\u00edsica (IRPF) foi 29.269.987, um crescimento de 1,63% em rela\u00e7\u00e3o ao ano passado. O n\u00famero superou a expectativa do Fisco de receber 28.800.000 declara\u00e7\u00f5es. Em\u00a02017, 28.524.560\u00a0contribuintes haviam entregado o documento dentro do prazo.<\/p>\n<p>&nbsp;<\/p>\n<p><span style=\"font-size: 12pt;\"><strong>RESTITUI\u00c7\u00d5ES<\/strong><\/span><\/p>\n<p>O pagamento das restitui\u00e7\u00f5es come\u00e7a em\u00a015 de junho\u00a0e vai at\u00e9\u00a017 de dezembro, em sete lotes mensais. Quanto antes o contribuinte tiver entregado a declara\u00e7\u00e3o com os dados corretos \u00e0 Receita, mais cedo ser\u00e1 ressarcido. T\u00eam prioridade no recebimento pessoas com mais de 60 anos de idade, contribuintes com defici\u00eancia f\u00edsica ou mental e os que t\u00eam doen\u00e7a grave.<\/p>\n<p>&nbsp;<\/p>\n<p><span style=\"font-size: 12pt;\"><strong>PAGAMENTO<\/strong><\/span><\/p>\n<p>Quem for pagar o Imposto de Renda atrasado n\u00e3o precisa se preocupar em incluir os juros e as multas. O pr\u00f3prio sistema far\u00e1 a atualiza\u00e7\u00e3o dos valores na hora de imprimir a guia. O programa de preenchimento da declara\u00e7\u00e3o do Imposto de Renda da Pessoa F\u00edsica de 2018, ano base 2017, est\u00e1 dispon\u00edvel no\u00a0<a href=\"http:\/\/www.receita.fazenda.gov.br\/\">site\u00a0da Receita Federal<\/a>.<\/p>\n<p>Tamb\u00e9m \u00e9 poss\u00edvel preencher e enviar o documento por meio do aplicativo &#8216;Meu Imposto de Renda&#8217; para tablets e celulares. Por meio do aplicativo, \u00e9 poss\u00edvel ainda fazer retifica\u00e7\u00f5es depois do envio da declara\u00e7\u00e3o.<\/p>\n<p>&nbsp;<\/p>\n<p><span style=\"font-size: 12pt;\"><strong>EXTRATO<\/strong><\/span><\/p>\n<p>De acordo com o Fisco, o contribuinte pode acompanhar o processamento da declara\u00e7\u00e3o do servi\u00e7o &#8216;Meu Imposto de Renda&#8217;, dispon\u00edvel no\u00a0<a href=\"https:\/\/cav.receita.fazenda.gov.br\/\">Centro Virtual de Atendimento<\/a>\u00a0(e-CAC), no\u00a0site\u00a0da Receita. Por meio do extrato, \u00e9 poss\u00edvel verificar pend\u00eancias e fazer uma declara\u00e7\u00e3o retificadora para evitar cair na malha fina.<\/p>\n<p>Neste ano, est\u00e1 obrigado a declarar quem recebeu rendimentos tribut\u00e1veis, em 2017, em valores superiores a R$28.559,70. No caso da atividade rural, deve declarar quem teve receita bruta acima R$142.798,50.<\/p>\n<p>Tamb\u00e9m est\u00e3o obrigadas a declarar as pessoas f\u00edsicas residentes no Brasil, que receberam rendimentos isentos, n\u00e3o tribut\u00e1veis ou tributados exclusivamente na fonte, cuja soma foi superior a R$40 mil, que obtiveram, em qualquer m\u00eas, ganho de capital na aliena\u00e7\u00e3o de bens e direitos, sujeito \u00e0 incid\u00eancia do imposto ou que realizaram opera\u00e7\u00f5es em bolsas de valores, que pretendem compensar preju\u00edzos com a atividade rural, que tiveram, em\u00a031 de dezembro\u00a0de 2017, a posse ou a propriedade de bens e direitos, inclusive terra nua, de valor total superior a R$300 mil, que passaram \u00e0 condi\u00e7\u00e3o de residentes no Brasil em qualquer m\u00eas e assim se encontravam em\u00a031 de dezembro, ou que optaram pela isen\u00e7\u00e3o do IR incidente sobre o ganho de capital com a venda de im\u00f3veis residenciais para a compra de outro im\u00f3vel no pa\u00eds, no prazo de 180 dias contados do contrato de venda.<\/p>\n<p>&nbsp;<\/p>\n<p>Fonte: Ag\u00eancia Brasil<\/p>\n","protected":false},"excerpt":{"rendered":"<p>Quem perdeu o prazo para enviar a Declara\u00e7\u00e3o do Imposto de Renda Pessoa F\u00edsica pode faz\u00ea-lo a partir de\u00a0hoje, 2. O contribuinte ser\u00e1 multado em 1% do imposto devido por m\u00eas de atraso (limitado a 20% do imposto total) ou em R$165,74, prevalecendo o maior valor. N\u00e3o ser\u00e1 necess\u00e1rio baixar um novo programa. O sistema [&hellip;]<\/p>\n","protected":false},"author":96,"featured_media":98724,"comment_status":"closed","ping_status":"closed","sticky":false,"template":"","format":"standard","meta":{"footnotes":""},"categories":[440,261],"tags":[],"class_list":["post-98723","post","type-post","status-publish","format-standard","has-post-thumbnail","hentry","category-destaques-do-dia","category-economia"],"_links":{"self":[{"href":"https:\/\/diarioregionaldigital.com.br\/index.php?rest_route=\/wp\/v2\/posts\/98723","targetHints":{"allow":["GET"]}}],"collection":[{"href":"https:\/\/diarioregionaldigital.com.br\/index.php?rest_route=\/wp\/v2\/posts"}],"about":[{"href":"https:\/\/diarioregionaldigital.com.br\/index.php?rest_route=\/wp\/v2\/types\/post"}],"author":[{"embeddable":true,"href":"https:\/\/diarioregionaldigital.com.br\/index.php?rest_route=\/wp\/v2\/users\/96"}],"replies":[{"embeddable":true,"href":"https:\/\/diarioregionaldigital.com.br\/index.php?rest_route=%2Fwp%2Fv2%2Fcomments&post=98723"}],"version-history":[{"count":0,"href":"https:\/\/diarioregionaldigital.com.br\/index.php?rest_route=\/wp\/v2\/posts\/98723\/revisions"}],"wp:featuredmedia":[{"embeddable":true,"href":"https:\/\/diarioregionaldigital.com.br\/index.php?rest_route=\/wp\/v2\/media\/98724"}],"wp:attachment":[{"href":"https:\/\/diarioregionaldigital.com.br\/index.php?rest_route=%2Fwp%2Fv2%2Fmedia&parent=98723"}],"wp:term":[{"taxonomy":"category","embeddable":true,"href":"https:\/\/diarioregionaldigital.com.br\/index.php?rest_route=%2Fwp%2Fv2%2Fcategories&post=98723"},{"taxonomy":"post_tag","embeddable":true,"href":"https:\/\/diarioregionaldigital.com.br\/index.php?rest_route=%2Fwp%2Fv2%2Ftags&post=98723"}],"curies":[{"name":"wp","href":"https:\/\/api.w.org\/{rel}","templated":true}]}}