{"id":98717,"date":"2018-05-02T08:22:27","date_gmt":"2018-05-02T11:22:27","guid":{"rendered":"http:\/\/diarioregionaljf.com.br\/?p=98717"},"modified":"2018-05-02T08:32:49","modified_gmt":"2018-05-02T11:32:49","slug":"quatro-sao-vitimas-de-tentativa-de-homicidio-no-sao-benedito","status":"publish","type":"post","link":"https:\/\/diarioregionaldigital.com.br\/?p=98717","title":{"rendered":"Tr\u00eas s\u00e3o v\u00edtimas de tentativa de homic\u00eddio no S\u00e3o Benedito"},"content":{"rendered":"<p>Tr\u00eas jovens, com idades de 20 e 22 anos, sofreram uma tentativa de homic\u00eddio no bairro S\u00e3o Benedito, zona Leste, na noite dessa ter\u00e7a-feira, 1\u00ba de maio. De acordo com informa\u00e7\u00f5es da Pol\u00edcia Militar (PM), as v\u00edtimas estavam em um ve\u00edculo na Rua Eurico Viana quando ocupantes de um outro carro efetuaram tiros em dire\u00e7\u00e3o \u00e0s mesmas.<\/p>\n<p>Um dos jovens, de 20 anos, foi socorrido por populares e levado \u00e0 Regional Leste, sem risco de morte. Os demais foram socorridos por uma viatura da PM e encaminhados ao Hospital de Pronto Socorro (HPS). O rapaz de 22 anos foi atingido por um proj\u00e9til, que ficou alojado pr\u00f3ximo ao olho direito, e permaneceu em observa\u00e7\u00e3o, com suspeita de fratura no nariz. J\u00e1 o terceiro ocupante do carro sofreu apenas escoria\u00e7\u00f5es ap\u00f3s ter ca\u00eddo no ch\u00e3o ao tentar fugir dos disparos.<\/p>\n<p>Ainda conforme a Pol\u00edcia Militar, as v\u00edtimas n\u00e3o souberam informar o motivo da tentativa de homic\u00eddio, mas identificaram um dos autores.<\/p>\n<p>A per\u00edcia t\u00e9cnica compareceu ao local do crime e constatou que o ve\u00edculo ocupado pelos jovens foi atingido por 11 disparos de arma de fogo calibre .9mm.<\/p>\n","protected":false},"excerpt":{"rendered":"<p>Tr\u00eas jovens, com idades de 20 e 22 anos, sofreram uma tentativa de homic\u00eddio no bairro S\u00e3o Benedito, zona Leste, na noite dessa ter\u00e7a-feira, 1\u00ba de maio. De acordo com informa\u00e7\u00f5es da Pol\u00edcia Militar (PM), as v\u00edtimas estavam em um ve\u00edculo na Rua Eurico Viana quando ocupantes de um outro carro efetuaram tiros em dire\u00e7\u00e3o [&hellip;]<\/p>\n","protected":false},"author":96,"featured_media":95836,"comment_status":"closed","ping_status":"closed","sticky":false,"template":"","format":"standard","meta":{"footnotes":""},"categories":[301],"tags":[],"class_list":["post-98717","post","type-post","status-publish","format-standard","has-post-thumbnail","hentry","category-artigos-policiais"],"_links":{"self":[{"href":"https:\/\/diarioregionaldigital.com.br\/index.php?rest_route=\/wp\/v2\/posts\/98717","targetHints":{"allow":["GET"]}}],"collection":[{"href":"https:\/\/diarioregionaldigital.com.br\/index.php?rest_route=\/wp\/v2\/posts"}],"about":[{"href":"https:\/\/diarioregionaldigital.com.br\/index.php?rest_route=\/wp\/v2\/types\/post"}],"author":[{"embeddable":true,"href":"https:\/\/diarioregionaldigital.com.br\/index.php?rest_route=\/wp\/v2\/users\/96"}],"replies":[{"embeddable":true,"href":"https:\/\/diarioregionaldigital.com.br\/index.php?rest_route=%2Fwp%2Fv2%2Fcomments&post=98717"}],"version-history":[{"count":0,"href":"https:\/\/diarioregionaldigital.com.br\/index.php?rest_route=\/wp\/v2\/posts\/98717\/revisions"}],"wp:featuredmedia":[{"embeddable":true,"href":"https:\/\/diarioregionaldigital.com.br\/index.php?rest_route=\/wp\/v2\/media\/95836"}],"wp:attachment":[{"href":"https:\/\/diarioregionaldigital.com.br\/index.php?rest_route=%2Fwp%2Fv2%2Fmedia&parent=98717"}],"wp:term":[{"taxonomy":"category","embeddable":true,"href":"https:\/\/diarioregionaldigital.com.br\/index.php?rest_route=%2Fwp%2Fv2%2Fcategories&post=98717"},{"taxonomy":"post_tag","embeddable":true,"href":"https:\/\/diarioregionaldigital.com.br\/index.php?rest_route=%2Fwp%2Fv2%2Ftags&post=98717"}],"curies":[{"name":"wp","href":"https:\/\/api.w.org\/{rel}","templated":true}]}}