{"id":98706,"date":"2018-05-01T12:00:33","date_gmt":"2018-05-01T15:00:33","guid":{"rendered":"http:\/\/diarioregionaljf.com.br\/?p=98706"},"modified":"2018-05-01T12:00:33","modified_gmt":"2018-05-01T15:00:33","slug":"ex-tecnico-da-selecao-brasileira-e-afastado-oficialmente-por-abuso-de-pelo-menos-40-jovens-ginastas","status":"publish","type":"post","link":"https:\/\/diarioregionaldigital.com.br\/?p=98706","title":{"rendered":"Ex- tecnico da Sele\u00e7\u00e3o Brasileira  \u00e9 afastado oficialmente por  abuso de pelo menos 40 jovens ginastas"},"content":{"rendered":"<p class=\"selectionShareable\"><span style=\"font-family: 'times new roman', times, serif; font-size: 12pt;\">Fernando de Carvalho Lopes foi afastado do cargo da Sele\u00e7\u00e3o Brasileira de gin\u00e1stica\u00a0no dia 14 de julho de 2016,\u00a0um m\u00eas antes dos Jogos Rio-2016, logo ap\u00f3s um menino de 13 anos resolver revelar aos pais os abusos que vinha sofrendo do t\u00e9cnico durante treinamentos no clube\u00a0de S\u00e3o Bernardo do Campo (SP). Nesta segunda-feira, 30, o Clube Mesc anunciou oficialmente o afastamento do ex-tecnico por abuso de ao menos 40 jovens ginastas.<\/span><\/p>\n<p class=\"selectionShareable\"><span style=\"font-family: 'times new roman', times, serif; font-size: 12pt;\">Depois do acontecimento, Lopes jamais\u00a0voltou a trabalhar na equipe, mas mantinha o cargo administrativo no Mesc at\u00e9 o in\u00edcio desta segunda-feira. Durante a reportagem feito pelo \u201cFant\u00e1stico\u201d, in\u00fameras den\u00fancias come\u00e7aram a aparecer sobre abusos sexuais. Frases como\u00a0\u201ctocava com frequ\u00eancia seus \u00f3rg\u00e3os genitais\u201d e \u201cpediu para eu me masturbar na frente dele\u201d eram bastante frequentes durante os depoimentos. Ao todo, foram\u00a042 releva\u00e7\u00f5es de ass\u00e9dio.<\/span><\/p>\n<p class=\"selectionShareable\"><span style=\"font-family: 'times new roman', times, serif; font-size: 12pt;\">O t\u00e9cnico \u00e9 apontado como um dos principais respons\u00e1veis pelo sucesso de Diego Hypolito, prata na Rio-2016 no solo e um dos maiores atletas do pa\u00eds. O ginasta afirmou que, at\u00e9 pouco tempo, n\u00e3o acreditava nas acusa\u00e7\u00f5es, mas que ouvindo a repercuss\u00e3o e seus companheiros, mudou de opini\u00e3o sobre Fernando de Carvalho Lopes.<\/span><\/p>\n<p class=\"selectionShareable\"><span style=\"font-family: 'times new roman', times, serif; font-size: 12pt;\">Alguns dos ex-ginastas do treinador ressaltaram que o coordenador t\u00e9cnico da Sele\u00e7\u00e3o Brasileira e profissional do S\u00e3o Caetano, Marcos Goto, profissional que era recorrido pelos ginastas ap\u00f3s os abusos, tirava sarro e fazia piada do assunto com os ginastas.<\/span><\/p>\n<p class=\"selectionShareable\">Fonte: Gazzetapress<\/p>\n","protected":false},"excerpt":{"rendered":"<p>Fernando de Carvalho Lopes foi afastado do cargo da Sele\u00e7\u00e3o Brasileira de gin\u00e1stica\u00a0no dia 14 de julho de 2016,\u00a0um m\u00eas antes dos Jogos Rio-2016, logo ap\u00f3s um menino de 13 anos resolver revelar aos pais os abusos que vinha sofrendo do t\u00e9cnico durante treinamentos no clube\u00a0de S\u00e3o Bernardo do Campo (SP). Nesta segunda-feira, 30, o [&hellip;]<\/p>\n","protected":false},"author":96,"featured_media":98707,"comment_status":"closed","ping_status":"closed","sticky":false,"template":"","format":"standard","meta":{"footnotes":""},"categories":[257],"tags":[],"class_list":["post-98706","post","type-post","status-publish","format-standard","has-post-thumbnail","hentry","category-esporte"],"_links":{"self":[{"href":"https:\/\/diarioregionaldigital.com.br\/index.php?rest_route=\/wp\/v2\/posts\/98706","targetHints":{"allow":["GET"]}}],"collection":[{"href":"https:\/\/diarioregionaldigital.com.br\/index.php?rest_route=\/wp\/v2\/posts"}],"about":[{"href":"https:\/\/diarioregionaldigital.com.br\/index.php?rest_route=\/wp\/v2\/types\/post"}],"author":[{"embeddable":true,"href":"https:\/\/diarioregionaldigital.com.br\/index.php?rest_route=\/wp\/v2\/users\/96"}],"replies":[{"embeddable":true,"href":"https:\/\/diarioregionaldigital.com.br\/index.php?rest_route=%2Fwp%2Fv2%2Fcomments&post=98706"}],"version-history":[{"count":0,"href":"https:\/\/diarioregionaldigital.com.br\/index.php?rest_route=\/wp\/v2\/posts\/98706\/revisions"}],"wp:featuredmedia":[{"embeddable":true,"href":"https:\/\/diarioregionaldigital.com.br\/index.php?rest_route=\/wp\/v2\/media\/98707"}],"wp:attachment":[{"href":"https:\/\/diarioregionaldigital.com.br\/index.php?rest_route=%2Fwp%2Fv2%2Fmedia&parent=98706"}],"wp:term":[{"taxonomy":"category","embeddable":true,"href":"https:\/\/diarioregionaldigital.com.br\/index.php?rest_route=%2Fwp%2Fv2%2Fcategories&post=98706"},{"taxonomy":"post_tag","embeddable":true,"href":"https:\/\/diarioregionaldigital.com.br\/index.php?rest_route=%2Fwp%2Fv2%2Ftags&post=98706"}],"curies":[{"name":"wp","href":"https:\/\/api.w.org\/{rel}","templated":true}]}}