{"id":98582,"date":"2018-04-27T20:49:59","date_gmt":"2018-04-27T23:49:59","guid":{"rendered":"http:\/\/diarioregionaljf.com.br\/?p=98582"},"modified":"2018-04-27T21:05:09","modified_gmt":"2018-04-28T00:05:09","slug":"miss-brasil-gay-e-rainbow-fest-ja-tem-data-para-ocorrer-em-jf","status":"publish","type":"post","link":"https:\/\/diarioregionaldigital.com.br\/?p=98582","title":{"rendered":"Miss Brasil Gay e Rainbow Fest j\u00e1 t\u00eam data para ocorrer em JF"},"content":{"rendered":"<p>O movimento LGBTI+ (l\u00e9sbicas, gays, bissexuais, travestis, transexuais e transg\u00eaneros, intersexuais) reuniu-se com autoridades, empres\u00e1rios, representantes de movimentos sociais e jornalistas na tarde da \u00faltima sexta-feira, 27, na C\u00e2mara de Dirigentes Lojistas (CDL) a fim de lan\u00e7arem a programa\u00e7\u00e3o do segmento em Juiz de Fora durante este ano.<\/p>\n<p>Um dos marcos do encontro foi o an\u00fancio da parceria entre Juiz de Fora e o Regi\u00e3o Convention&amp;Visitors Bureau (JFRC&amp;VB) com o International Gay &amp; Lesbian Travel Association (IGLTA), uma parceria que buscar\u00e1 trazer mais investimentos para os eventos LGBTI+ na cidade al\u00e9m de inclu\u00ed-los em um calend\u00e1rio internacional.<\/p>\n<p>Tha\u00eds Lima presidente da JFRC&amp;VB destacou o trabalho realizado pela entidade, que est\u00e1 presente nas principais cidades do mundo e que visa contribuir para o desenvolvimento tur\u00edstico sustent\u00e1vel de Juiz de Fora e regi\u00e3o, atrav\u00e9s do apoio \u00e0 capta\u00e7\u00e3o e incremento de eventos em geral. \u201cQueremos captar e apoiar eventos na cidade. Espa\u00e7o, infraestrutura e qualidade nos servi\u00e7os, temos para isso. Precisamos criar um calend\u00e1rio de evento unificado, para que o turista queira estar aqui. Divulgar o potencial do destino, atrair maior numero de turistas gays e atrair eventos do segmento para cidade. Queremos transformar Juiz de Fora no maior destino gay do Brasil\u201d, enfatizou Tha\u00eds.<\/p>\n<p>Clovis Casemiro, coordenador do IGLTA no Brasil apresentou uma s\u00e9rie de eventos realizados em diversos pa\u00edses do mundo e que geraram bons frutos no setor do turismo e consequentemente, no setor econ\u00f4mico. Ele ainda refor\u00e7ou o apoio aos eventos LGBTI+ em Juiz de Fora, colocando a entidade que representa \u00e0 disposi\u00e7\u00e3o para divulga\u00e7\u00e3o dos mesmos para o mundo.<\/p>\n<div id=\"attachment_98585\" style=\"width: 310px\" class=\"wp-caption aligncenter\"><img loading=\"lazy\" decoding=\"async\" aria-describedby=\"caption-attachment-98585\" class=\"wp-image-98585 size-medium\" src=\"http:\/\/diarioregionaljf.com.br\/wp-content\/uploads\/2018\/04\/foto-02-RAFAELA-FRUTUOSO-usar-essa-2-300x200.jpg?_t=1524872003\" alt=\"\" width=\"300\" height=\"200\" srcset=\"https:\/\/diarioregionaldigital.com.br\/wp-content\/uploads\/2018\/04\/foto-02-RAFAELA-FRUTUOSO-usar-essa-2-300x200.jpg 300w, https:\/\/diarioregionaldigital.com.br\/wp-content\/uploads\/2018\/04\/foto-02-RAFAELA-FRUTUOSO-usar-essa-2-768x512.jpg 768w, https:\/\/diarioregionaldigital.com.br\/wp-content\/uploads\/2018\/04\/foto-02-RAFAELA-FRUTUOSO-usar-essa-2-1024x683.jpg 1024w, https:\/\/diarioregionaldigital.com.br\/wp-content\/uploads\/2018\/04\/foto-02-RAFAELA-FRUTUOSO-usar-essa-2-360x240.jpg 360w\" sizes=\"auto, (max-width: 300px) 100vw, 300px\" \/><p id=\"caption-attachment-98585\" class=\"wp-caption-text\">Foto: Rafaela Frutuoso<\/p><\/div>\n<p>O superintendente da Funalfa, R\u00f4mulo Veiga, que atualmente responde interinamente pela Secretaria Desenvolvimento Econ\u00f4mico, Trabalho e Turismo (Sedettur) tamb\u00e9m esteve presente no encontro e destacou o potencial e a import\u00e2ncias dos eventos LGBTI+ na cidade. \u201cPara o munic\u00edpio de Juiz de Fora \u00e9 um orgulho. Temos que trabalhar para que daqui cinco anos, esse movimento que realizamos hoje gere a percep\u00e7\u00e3o e a valoriza\u00e7\u00e3o da cidade em que a gente vive. Al\u00e9m de qualidade de vida e admira\u00e7\u00e3o. As pol\u00edticas afirmativas de equaliza\u00e7\u00e3o de direitos sociais v\u00e3o ser sempre transversais \u00e0s nossas pol\u00edticas culturais. Est\u00e3o inerentes\u201d, destacou Veiga.<\/p>\n<p>&nbsp;<\/p>\n<p><strong>38\u00b0 Miss Brasil Gay<\/strong><\/p>\n<p>O Miss Brasil Gay 2018 ocorrer\u00e1 no dia 18 de agosto no Terrazzo. Ele j\u00e1 se encontra em fase de capta\u00e7\u00e3o de recursos, estabelecimento de parcerias, contrata\u00e7\u00e3o de artistas e na escolha das 27 candidatas em todos os estados do pa\u00eds. Ap\u00f3s tr\u00eas anos de pausa, o Miss Brasil Gay voltou a ocorrer no \u00faltimo ano e em grande estilo. O sucesso do movimento em 2017 deixa os organizadores ainda mais motivados e com responsabilidade maior para a edi\u00e7\u00e3o deste ano.<\/p>\n<p>Como em 2017, o evento deste ano tamb\u00e9m contar\u00e1 com o apoio da Funalfa e da Prefeitura Municipal de Juiz de Fora. Al\u00e9m disso, tamb\u00e9m s\u00e3o aguardados recursos oriundos de ementas parlamentares propostas pelo presidente da C\u00e2mara, vereador Rodrigo Mattos (PHS).<\/p>\n<p>Os ingressos para o Miss Brasil Gay ser\u00e3o disponibilizados por meio de plataformas online e em pontos de venda espalhados pela cidade, que ainda ser\u00e3o divulgados.<br \/>\nAndr\u00e9 Pavan, que \u00e9 um dos organizadores do Miss Brasil Gay, destacou durante o evento, a import\u00e2ncia e a ousadia de Chiquinho Mota Machado, que idealizou e organizou o concurso h\u00e1 40 anos durante a \u00e9poca da ditadura militar no pa\u00eds.<\/p>\n<p>Al\u00e9m disso, Pavan tamb\u00e9m fez um alerta \u00e0s autoridades e empres\u00e1rios presentes em rela\u00e7\u00e3o \u00e0 falta de apoio para o Miss Brasil Gay. \u201cPrecisamos de investimentos, m\u00eddias, cotas de patroc\u00ednio. Sem o apoio da iniciativa privada vai ser muito dif\u00edcil continuar o evento. Precisamos da parceria da iniciativa publica e privada. Os empres\u00e1rios da cidade n\u00e3o conseguem ser vision\u00e1rios para isso, apenas uma pequena parcela. Precisamos pensar um pouco melhor nos eventos LGBTI+. \u00c9 hora de dar as m\u00e3os e pensar numa cidade melhor, com mentes abertas, sem preconceitos, vision\u00e1rias e pensando no que \u00e9 bom para todos\u201d, destacou.<\/p>\n<p>&nbsp;<\/p>\n<p><strong>21\u00b0 Rainbow Fest Brasil<\/strong><\/p>\n<p>O Rainbow Fest ocorre na semana que antecede o Miss Brasil Gay. Ele \u00e9 um evento oficial do Movimento Gay de Minas (MGM), nasceu em 1998 e chega \u00e0 sua 21\u00aa edi\u00e7\u00e3o em 2018. A proposta \u00e9 dar visibilidade positiva ao segmento LGBTI+, atrav\u00e9s da cultura do movimento.<br \/>\nOswaldo Braga, presidente do MGM refor\u00e7ou a contribui\u00e7\u00e3o da semana para a Juiz de Fora. \u201cA cidade precisa acordar para esse segmento. N\u00e3o \u00e9 dif\u00edcil fazer desses eventos, eventos de proje\u00e7\u00e3o internacional. Estamos oferecendo para a cidade um grande produto. O turismo e os eventos LGBTI+ s\u00e3o o que h\u00e1 de melhor em termos de p\u00fablico bem definido.\u201d<\/p>\n<p>Marcos Trajano, coordenador do Rainbow Fest, adiantou como ser\u00e1 o evento neste ano al\u00e9m das perspectivas para o futuro. \u201cN\u00f3s buscamos ampliar o evento para que daqui tr\u00eas anos ele possa se tornar o maior evento de cultura e turismo LGBTI+. Nesse ano a semana trar\u00e1 muitos DJ\u2019s, shows de drags e cantores na cena gay, ocupando o cal\u00e7ad\u00e3o da Rua Halfeld\u201d, explicou.<\/p>\n<p>&nbsp;<\/p>\n<p><strong>II Semana Rainbow da UFJF e II F\u00f3rum Mineiro de Turismo LGBTI+<\/strong><\/p>\n<p>A semana Rainbow da Universidade Federal de Juiz de Fora (UFJF) chega \u00e0 sua segunda edi\u00e7\u00e3o neste ano, e \u00e9 uma s\u00e9rie de eventos gratuitos, como teatros, cinema, m\u00fasica, interven\u00e7\u00f5es art\u00edsticas, confer\u00eancias, artes pl\u00e1sticas e fotografias que ocorrer\u00e3o entre os dias 9 e 19 de agosto em diversos espa\u00e7os da Universidade e da Prefeitura.<\/p>\n<p>A Semana Rainbow da UFJF \u00e9 realizada com recursos de emenda parlamentar da ex-reitora e deputada federal Margarida Salom\u00e3o (PT-MG), al\u00e9m de outros editais p\u00fablicos.<\/p>\n<p>Outro evento que tamb\u00e9m ocorrer\u00e1 em Juiz de Fora neste ano, mas ainda sem uma data definida, \u00e9 o II F\u00f3rum Mineiro de Turismo LGBTI+. O encontro visa discutir sobre a\u00e7\u00f5es no setor e teve sua primeira edi\u00e7\u00e3o em 2017 na cidade de Belo Horizonte.<\/p>\n","protected":false},"excerpt":{"rendered":"<p>O movimento LGBTI+ (l\u00e9sbicas, gays, bissexuais, travestis, transexuais e transg\u00eaneros, intersexuais) reuniu-se com autoridades, empres\u00e1rios, representantes de movimentos sociais e jornalistas na tarde da \u00faltima sexta-feira, 27, na C\u00e2mara de Dirigentes Lojistas (CDL) a fim de lan\u00e7arem a programa\u00e7\u00e3o do segmento em Juiz de Fora durante este ano. Um dos marcos do encontro foi o [&hellip;]<\/p>\n","protected":false},"author":96,"featured_media":98588,"comment_status":"closed","ping_status":"closed","sticky":false,"template":"","format":"standard","meta":{"footnotes":""},"categories":[253,440],"tags":[],"class_list":["post-98582","post","type-post","status-publish","format-standard","has-post-thumbnail","hentry","category-cidade","category-destaques-do-dia"],"_links":{"self":[{"href":"https:\/\/diarioregionaldigital.com.br\/index.php?rest_route=\/wp\/v2\/posts\/98582","targetHints":{"allow":["GET"]}}],"collection":[{"href":"https:\/\/diarioregionaldigital.com.br\/index.php?rest_route=\/wp\/v2\/posts"}],"about":[{"href":"https:\/\/diarioregionaldigital.com.br\/index.php?rest_route=\/wp\/v2\/types\/post"}],"author":[{"embeddable":true,"href":"https:\/\/diarioregionaldigital.com.br\/index.php?rest_route=\/wp\/v2\/users\/96"}],"replies":[{"embeddable":true,"href":"https:\/\/diarioregionaldigital.com.br\/index.php?rest_route=%2Fwp%2Fv2%2Fcomments&post=98582"}],"version-history":[{"count":0,"href":"https:\/\/diarioregionaldigital.com.br\/index.php?rest_route=\/wp\/v2\/posts\/98582\/revisions"}],"wp:featuredmedia":[{"embeddable":true,"href":"https:\/\/diarioregionaldigital.com.br\/index.php?rest_route=\/wp\/v2\/media\/98588"}],"wp:attachment":[{"href":"https:\/\/diarioregionaldigital.com.br\/index.php?rest_route=%2Fwp%2Fv2%2Fmedia&parent=98582"}],"wp:term":[{"taxonomy":"category","embeddable":true,"href":"https:\/\/diarioregionaldigital.com.br\/index.php?rest_route=%2Fwp%2Fv2%2Fcategories&post=98582"},{"taxonomy":"post_tag","embeddable":true,"href":"https:\/\/diarioregionaldigital.com.br\/index.php?rest_route=%2Fwp%2Fv2%2Ftags&post=98582"}],"curies":[{"name":"wp","href":"https:\/\/api.w.org\/{rel}","templated":true}]}}