{"id":98377,"date":"2018-04-26T18:54:37","date_gmt":"2018-04-26T21:54:37","guid":{"rendered":"http:\/\/diarioregionaljf.com.br\/?p=98377"},"modified":"2018-04-26T18:54:37","modified_gmt":"2018-04-26T21:54:37","slug":"motociclista-fica-ferido-apos-colisao-com-carro-na-santo-antonio","status":"publish","type":"post","link":"https:\/\/diarioregionaldigital.com.br\/?p=98377","title":{"rendered":"Motociclista fica ferido ap\u00f3s colis\u00e3o com carro na Santo Ant\u00f4nio"},"content":{"rendered":"<p>Um motociclista de 48 anos foi ferido ap\u00f3s colidir com um ve\u00edculo na tarde dessa quinta-feira, 26, no cruzamento entre as ruas Santo Ant\u00f4nio e Rei Alberto. Conforme o cabo Eder Silvestre, respons\u00e1vel pelo registro da ocorr\u00eancia, a motorista, 72 anos, relatou que transitava pela Rei Alberto, verificou se poderia acessar a Santo Ant\u00f4nio e foi surpreendida pela motocicleta ao realizar a curva.<\/p>\n<p>\u201cEla diz que n\u00e3o viu nenhum ve\u00edculo vindo pela Santo Ant\u00f4nio e que por isso, fez a curva para acessar a rua. A v\u00edtima s\u00f3 conseguiu me responder que vinha pela rua e que no cruzamento entre as vias, ela bateu na moto do lado esquerdo\u201d, afirmou o militar que acompanhou a v\u00edtima at\u00e9 a unidade de sa\u00fade para colher o seu depoimento ap\u00f3s o atendimento m\u00e9dico.<\/p>\n<div id=\"attachment_98379\" style=\"width: 1034px\" class=\"wp-caption alignnone\"><img loading=\"lazy\" decoding=\"async\" aria-describedby=\"caption-attachment-98379\" class=\"wp-image-98379 size-large\" src=\"http:\/\/diarioregionaljf.com.br\/wp-content\/uploads\/2018\/04\/acidentesantoantonio-2-1024x683.jpg?_t=1524779625\" alt=\"\" width=\"1024\" height=\"683\" srcset=\"https:\/\/diarioregionaldigital.com.br\/wp-content\/uploads\/2018\/04\/acidentesantoantonio-2-1024x683.jpg 1024w, https:\/\/diarioregionaldigital.com.br\/wp-content\/uploads\/2018\/04\/acidentesantoantonio-2-300x200.jpg 300w, https:\/\/diarioregionaldigital.com.br\/wp-content\/uploads\/2018\/04\/acidentesantoantonio-2-768x512.jpg 768w, https:\/\/diarioregionaldigital.com.br\/wp-content\/uploads\/2018\/04\/acidentesantoantonio-2-360x240.jpg 360w\" sizes=\"auto, (max-width: 1024px) 100vw, 1024px\" \/><p id=\"caption-attachment-98379\" class=\"wp-caption-text\"><em>A v\u00edtima foi encaminhada a UPA Norte e a motorista liberada. Foto: Rafaela Frutuoso<\/em><\/p><\/div>\n<p>O filho do motociclista compareceu ao local e entrou em um acordo com a motorista do carro, que ir\u00e1 arcar com os danos materiais. \u201cEla vai acionar o seu seguro particular e contou que vai tentar que ele cubra os danos f\u00edsicos al\u00e9m do material\u201d, disse Silvestre.<\/p>\n<p>A Rua Santo Ant\u00f4nio ficou com o tr\u00e2nsito retido e os ve\u00edculos transitaram em meia pista por volta de 45 minutos.<\/p>\n<p>A v\u00edtima foi encaminhada a UPA Norte e a motorista liberada. O militar esclareceu que foi agendada uma audi\u00eancia no Juizado Especial Criminal, no qual ambas as partes devem comparecer perante o juiz que decidir\u00e1 a penalidade.<\/p>\n<p>&nbsp;<\/p>\n","protected":false},"excerpt":{"rendered":"<p>Um motociclista de 48 anos foi ferido ap\u00f3s colidir com um ve\u00edculo na tarde dessa quinta-feira, 26, no cruzamento entre as ruas Santo Ant\u00f4nio e Rei Alberto. Conforme o cabo Eder Silvestre, respons\u00e1vel pelo registro da ocorr\u00eancia, a motorista, 72 anos, relatou que transitava pela Rei Alberto, verificou se poderia acessar a Santo Ant\u00f4nio e [&hellip;]<\/p>\n","protected":false},"author":96,"featured_media":98382,"comment_status":"closed","ping_status":"closed","sticky":false,"template":"","format":"standard","meta":{"footnotes":""},"categories":[253,440],"tags":[],"class_list":["post-98377","post","type-post","status-publish","format-standard","has-post-thumbnail","hentry","category-cidade","category-destaques-do-dia"],"_links":{"self":[{"href":"https:\/\/diarioregionaldigital.com.br\/index.php?rest_route=\/wp\/v2\/posts\/98377","targetHints":{"allow":["GET"]}}],"collection":[{"href":"https:\/\/diarioregionaldigital.com.br\/index.php?rest_route=\/wp\/v2\/posts"}],"about":[{"href":"https:\/\/diarioregionaldigital.com.br\/index.php?rest_route=\/wp\/v2\/types\/post"}],"author":[{"embeddable":true,"href":"https:\/\/diarioregionaldigital.com.br\/index.php?rest_route=\/wp\/v2\/users\/96"}],"replies":[{"embeddable":true,"href":"https:\/\/diarioregionaldigital.com.br\/index.php?rest_route=%2Fwp%2Fv2%2Fcomments&post=98377"}],"version-history":[{"count":0,"href":"https:\/\/diarioregionaldigital.com.br\/index.php?rest_route=\/wp\/v2\/posts\/98377\/revisions"}],"wp:featuredmedia":[{"embeddable":true,"href":"https:\/\/diarioregionaldigital.com.br\/index.php?rest_route=\/wp\/v2\/media\/98382"}],"wp:attachment":[{"href":"https:\/\/diarioregionaldigital.com.br\/index.php?rest_route=%2Fwp%2Fv2%2Fmedia&parent=98377"}],"wp:term":[{"taxonomy":"category","embeddable":true,"href":"https:\/\/diarioregionaldigital.com.br\/index.php?rest_route=%2Fwp%2Fv2%2Fcategories&post=98377"},{"taxonomy":"post_tag","embeddable":true,"href":"https:\/\/diarioregionaldigital.com.br\/index.php?rest_route=%2Fwp%2Fv2%2Ftags&post=98377"}],"curies":[{"name":"wp","href":"https:\/\/api.w.org\/{rel}","templated":true}]}}