{"id":98323,"date":"2018-04-26T16:46:13","date_gmt":"2018-04-26T19:46:13","guid":{"rendered":"http:\/\/diarioregionaljf.com.br\/?p=98323"},"modified":"2018-04-26T16:46:13","modified_gmt":"2018-04-26T19:46:13","slug":"taxa-de-juros-do-cheque-especial-sobe-para-3247-ao-ano","status":"publish","type":"post","link":"https:\/\/diarioregionaldigital.com.br\/?p=98323","title":{"rendered":"Taxa de juros do cheque especial sobe para 324,7% ao ano"},"content":{"rendered":"<p>Os juros do cheque especial subiram em mar\u00e7o, segundo dados do Banco Central (BC), divulgados hoje, 26, em Bras\u00edlia. A taxa chegou a 324,7% ao ano, com aumento de 0,6 ponto percentual em rela\u00e7\u00e3o a fevereiro. No ano, a eleva\u00e7\u00e3o \u00e9 de 1,7 ponto percentual.<\/p>\n<p>No \u00faltimo dia 10, os bancos anunciaram mudan\u00e7as no cheque especial, mas as novas regras s\u00f3 valem a partir de julho. Segundo a Federa\u00e7\u00e3o Brasileira de Bancos (Febraban), os clientes que utilizarem mais de 15% do limite do cheque durante 30 dias consecutivos v\u00e3o receber\u00a0a oferta de um parcelamento, com taxa menor de juros que a do cheque especial a ser definida individualmente pelos bancos.<\/p>\n<p>O chefe do Departamento de Estat\u00edsticas do BC, Fernando Rocha, disse que a autarquia n\u00e3o tem estimativa de redu\u00e7\u00e3o dos juros, com a medida definida pela Febraban. \u201cA Febraban prop\u00f4s uma autorregula\u00e7\u00e3o. Espera-se uma redu\u00e7\u00e3o de taxas, melhores condi\u00e7\u00f5es para os clientes banc\u00e1rios. O Banco Central n\u00e3o tem uma estimativa de quanto isso vai ser\u201d, disse Rocha. Ele acrescentou que o cr\u00e9dito rotativo, como cheque especial e cart\u00e3o, por ter taxas altas, deve ser usado pelo menor tempo poss\u00edvel.<\/p>\n<p>A taxa do rotativo do cart\u00e3o de cr\u00e9dito tamb\u00e9m subiu, ao chegar a 243,5% ao ano em mar\u00e7o, com aumento de 9,6 pontos percentuais em rela\u00e7\u00e3o a fevereiro. Essa \u00e9 a taxa para quem paga pelo menos o valor m\u00ednimo da fatura do cart\u00e3o em dia.<\/p>\n<p>J\u00e1 os juros cobrados dos consumidores que n\u00e3o pagaram ou atrasaram o pagamento m\u00ednimo da fatura ca\u00edram 2 pontos percentuais, chegando a 397,6% ao ano em mar\u00e7o. Com isso, a taxa m\u00e9dia da modalidade de cr\u00e9dito ficou em 334,5% ao ano, com aumento de 2,1 pontos percentuais em rela\u00e7\u00e3o a fevereiro.<\/p>\n<p>O rotativo \u00e9 o cr\u00e9dito tomado pelo consumidor quando paga menos que o valor integral da fatura do cart\u00e3o. O cr\u00e9dito rotativo dura 30 dias. Ap\u00f3s esse prazo, as institui\u00e7\u00f5es financeiras transferem a d\u00edvida para o cr\u00e9dito parcelado, seguindo regra estabelecida pelo Conselho Monet\u00e1rio Nacional (CMN) no ano passado.<\/p>\n<h2><strong>Cr\u00e9dito parcelado no cart\u00e3o<\/strong><\/h2>\n<p>A taxa do cr\u00e9dito parcelado no cart\u00e3o recuou 5 pontos percentuais para 169,3% ao ano. A taxa m\u00e9dia de juros para as fam\u00edlias caiu 0,5 ponto percentual indo para 57,2% ao ano, em mar\u00e7o. A taxa m\u00e9dia das empresas diminuiu 1 ponto percentual: agora \u00e9 de 21,2% ao ano.<\/p>\n<p>A inadimpl\u00eancia do cr\u00e9dito, considerados atrasos acima de 90 dias, para pessoas f\u00edsicas, recuou 0,1 ponto percentual para 5%. No caso das pessoas jur\u00eddicas, a queda foi de 0,4 ponto percentual, indo para 4,4%. Esses dados s\u00e3o do cr\u00e9dito livre em que os bancos t\u00eam autonomia para aplicar dinheiro captado no mercado.<\/p>\n<p>No caso do cr\u00e9dito direcionado (empr\u00e9stimos com regras definidas pelo governo, destinados, basicamente, aos setores habitacional, rural e de infraestrutura) os juros para as pessoas f\u00edsicas tiveram queda de 0,1 ponto percentual e atingiram 8,1% ao ano.<\/p>\n<p>A taxa cobrada das empresas teve retra\u00e7\u00e3o de 1,7 ponto percentual, indo para 10,5% ao ano. A inadimpl\u00eancia das pessoas f\u00edsicas ficou em 2,1%, com recuo de 0,1 ponto percentual em rela\u00e7\u00e3o a fevereiro, e das empresas chegou a 1,2%, com redu\u00e7\u00e3o de 0,2 ponto percentual.<\/p>\n<p>O saldo de todas as opera\u00e7\u00f5es de cr\u00e9dito concedido pelos bancos ficou em R$ 3,081 trilh\u00f5es, com crescimento de 0,6% no m\u00eas. No ano, houve retra\u00e7\u00e3o de 0,3% e em 12 meses, crescimento de 0,1%. Em rela\u00e7\u00e3o a tudo o que o pa\u00eds produz \u2013 Produto Interno Bruto (PIB) &#8211; o volume de cr\u00e9dito correspondeu a 46,6%, com aumento de 0,2 ponto percentual em rela\u00e7\u00e3o a fevereiro.<\/p>\n<p>Segundo o chefe do Departamento de Estat\u00edsticas do BC, Fernando Rocha, o cr\u00e9dito livre para empresas e fam\u00edlias cresceu. No caso do cr\u00e9dito direcionado, a expans\u00e3o foi observada. \u201cA redu\u00e7\u00e3o do cr\u00e9dito est\u00e1 ficando cada vez mais restrita a opera\u00e7\u00f5es de pessoas jur\u00eddicas no cr\u00e9dito direcionado. A redu\u00e7\u00e3o \u00e9 mais vinculada ao desemprenho das opera\u00e7\u00f5es do BNDES [Banco Nacional do Desenvolvimento Econ\u00f4mico e Social] que continuam com redu\u00e7\u00e3o no saldo\u201d, disse.<\/p>\n<p>Sobre as taxas de juros, Rocha afirmou que h\u00e1 uma redu\u00e7\u00e3o generalizada que deve se manter nos pr\u00f3ximos meses.<\/p>\n<p>&nbsp;<\/p>\n<p>Fonte: Ag\u00eancia Brasil<\/p>\n","protected":false},"excerpt":{"rendered":"<p>Os juros do cheque especial subiram em mar\u00e7o, segundo dados do Banco Central (BC), divulgados hoje, 26, em Bras\u00edlia. A taxa chegou a 324,7% ao ano, com aumento de 0,6 ponto percentual em rela\u00e7\u00e3o a fevereiro. No ano, a eleva\u00e7\u00e3o \u00e9 de 1,7 ponto percentual. No \u00faltimo dia 10, os bancos anunciaram mudan\u00e7as no cheque [&hellip;]<\/p>\n","protected":false},"author":96,"featured_media":98324,"comment_status":"closed","ping_status":"closed","sticky":false,"template":"","format":"standard","meta":{"footnotes":""},"categories":[436,261],"tags":[],"class_list":["post-98323","post","type-post","status-publish","format-standard","has-post-thumbnail","hentry","category-destaque-da-semana","category-economia"],"_links":{"self":[{"href":"https:\/\/diarioregionaldigital.com.br\/index.php?rest_route=\/wp\/v2\/posts\/98323","targetHints":{"allow":["GET"]}}],"collection":[{"href":"https:\/\/diarioregionaldigital.com.br\/index.php?rest_route=\/wp\/v2\/posts"}],"about":[{"href":"https:\/\/diarioregionaldigital.com.br\/index.php?rest_route=\/wp\/v2\/types\/post"}],"author":[{"embeddable":true,"href":"https:\/\/diarioregionaldigital.com.br\/index.php?rest_route=\/wp\/v2\/users\/96"}],"replies":[{"embeddable":true,"href":"https:\/\/diarioregionaldigital.com.br\/index.php?rest_route=%2Fwp%2Fv2%2Fcomments&post=98323"}],"version-history":[{"count":0,"href":"https:\/\/diarioregionaldigital.com.br\/index.php?rest_route=\/wp\/v2\/posts\/98323\/revisions"}],"wp:featuredmedia":[{"embeddable":true,"href":"https:\/\/diarioregionaldigital.com.br\/index.php?rest_route=\/wp\/v2\/media\/98324"}],"wp:attachment":[{"href":"https:\/\/diarioregionaldigital.com.br\/index.php?rest_route=%2Fwp%2Fv2%2Fmedia&parent=98323"}],"wp:term":[{"taxonomy":"category","embeddable":true,"href":"https:\/\/diarioregionaldigital.com.br\/index.php?rest_route=%2Fwp%2Fv2%2Fcategories&post=98323"},{"taxonomy":"post_tag","embeddable":true,"href":"https:\/\/diarioregionaldigital.com.br\/index.php?rest_route=%2Fwp%2Fv2%2Ftags&post=98323"}],"curies":[{"name":"wp","href":"https:\/\/api.w.org\/{rel}","templated":true}]}}