{"id":98301,"date":"2018-04-26T14:24:52","date_gmt":"2018-04-26T17:24:52","guid":{"rendered":"http:\/\/diarioregionaljf.com.br\/?p=98301"},"modified":"2018-04-26T14:24:52","modified_gmt":"2018-04-26T17:24:52","slug":"criancas-buscam-aprender-futebol-na-sel-sonhando-com-o-maracana","status":"publish","type":"post","link":"https:\/\/diarioregionaldigital.com.br\/?p=98301","title":{"rendered":"Crian\u00e7as buscam aprender futebol na SEL sonhando com o Maracan\u00e3"},"content":{"rendered":"<p>O sonho de se tornar jogador profissional de futebol \u00e9 o que motiva cada menino que vai ao gin\u00e1sio da Secretaria de Esporte e Lazer (SEL) da Prefeitura de Juiz de Fora (PJF), \u00e0s ter\u00e7as e quintas-feiras. Esses s\u00e3o os dias quando acontece o treinamento de futsal, que re\u00fane garotos de seis a 15 anos de idade. S\u00e3o cerca de cem alunos, sob a supervis\u00e3o do professor Leonardo Lima, divididos nas categorias sub-9, 11 e 15. Um dos alunos \u00e9 Thiago Reis, 10 anos, que tem Neymar como inspira\u00e7\u00e3o. Mas, embora seja f\u00e3 do jogador, que atua na Europa, sua meta \u00e9 outra: \u201cQuero ser jogador do Fluminense e jogar no Maracan\u00e3.\u201d O pequeno &#8220;tricolor&#8221; treina sob os olhares atentos da irm\u00e3, Lara Reis, e da m\u00e3e, Val\u00e9ria Reis. A dona de casa, 39 anos, conta que Thiago \u00e9 apaixonado por futebol, e desde os dois anos j\u00e1 se aventurava nos primeiros chutes: \u201cParece que \u00e9 de fam\u00edlia: os pais e os tios dele sempre jogaram. Quando ele nasceu, o primeiro presente foi uma bola. A vida dele \u00e9 futebol, mas tive que trazer para quadra porque estava quebrando muita coisa em casa.\u201d<\/p>\n<p>Thiago se sente mesmo mais \u00e0 vontade em quadra. Para Val\u00e9ria, que acompanha o filho em todos os treinos, a atividade \u00e9 fundamental: \u201cN\u00e3o sei se vai virar jogador de futebol, mas aqui ele aprende muito sobre respeito e disciplina, e convive com outros garotos da idade dele. Al\u00e9m disso, desenvolve bem a parte f\u00edsica, que \u00e9 bom para sa\u00fade.\u201d<br \/>\nOs alunos interessados, e que estejam dentro da faixa et\u00e1ria do programa, devem comparecer no gin\u00e1sio, acompanhado do respons\u00e1vel, e realizar a inscri\u00e7\u00e3o diretamente com o professor.<\/p>\n<p>A atividade faz parte do programa \u201cJF Esporte e Cidadania\u201d, realiza\u00e7\u00e3o da SEL,atrav\u00e9s da Supervis\u00e3o de Pol\u00edtica Social de Esporte e Lazer, do Departamento de Lazer e Exerc\u00edcio F\u00edsico. A finalidade \u00e9 levar atividade f\u00edsica e esportiva para a popula\u00e7\u00e3o a partir de cinco anos de idade, de forma gratuita, nas regi\u00f5es da cidade.<\/p>\n<p><strong>Fonte: Assessoria\/PJF<\/strong><\/p>\n<p><strong>\u00a0<\/strong><\/p>\n<p><strong>\u00a0<\/strong><\/p>\n","protected":false},"excerpt":{"rendered":"<p>O sonho de se tornar jogador profissional de futebol \u00e9 o que motiva cada menino que vai ao gin\u00e1sio da Secretaria de Esporte e Lazer (SEL) da Prefeitura de Juiz de Fora (PJF), \u00e0s ter\u00e7as e quintas-feiras. Esses s\u00e3o os dias quando acontece o treinamento de futsal, que re\u00fane garotos de seis a 15 anos [&hellip;]<\/p>\n","protected":false},"author":96,"featured_media":98302,"comment_status":"closed","ping_status":"closed","sticky":false,"template":"","format":"standard","meta":{"footnotes":""},"categories":[257],"tags":[],"class_list":["post-98301","post","type-post","status-publish","format-standard","has-post-thumbnail","hentry","category-esporte"],"_links":{"self":[{"href":"https:\/\/diarioregionaldigital.com.br\/index.php?rest_route=\/wp\/v2\/posts\/98301","targetHints":{"allow":["GET"]}}],"collection":[{"href":"https:\/\/diarioregionaldigital.com.br\/index.php?rest_route=\/wp\/v2\/posts"}],"about":[{"href":"https:\/\/diarioregionaldigital.com.br\/index.php?rest_route=\/wp\/v2\/types\/post"}],"author":[{"embeddable":true,"href":"https:\/\/diarioregionaldigital.com.br\/index.php?rest_route=\/wp\/v2\/users\/96"}],"replies":[{"embeddable":true,"href":"https:\/\/diarioregionaldigital.com.br\/index.php?rest_route=%2Fwp%2Fv2%2Fcomments&post=98301"}],"version-history":[{"count":0,"href":"https:\/\/diarioregionaldigital.com.br\/index.php?rest_route=\/wp\/v2\/posts\/98301\/revisions"}],"wp:featuredmedia":[{"embeddable":true,"href":"https:\/\/diarioregionaldigital.com.br\/index.php?rest_route=\/wp\/v2\/media\/98302"}],"wp:attachment":[{"href":"https:\/\/diarioregionaldigital.com.br\/index.php?rest_route=%2Fwp%2Fv2%2Fmedia&parent=98301"}],"wp:term":[{"taxonomy":"category","embeddable":true,"href":"https:\/\/diarioregionaldigital.com.br\/index.php?rest_route=%2Fwp%2Fv2%2Fcategories&post=98301"},{"taxonomy":"post_tag","embeddable":true,"href":"https:\/\/diarioregionaldigital.com.br\/index.php?rest_route=%2Fwp%2Fv2%2Ftags&post=98301"}],"curies":[{"name":"wp","href":"https:\/\/api.w.org\/{rel}","templated":true}]}}